{"id":4951,"date":"2016-04-19T07:26:49","date_gmt":"2016-04-19T07:26:49","guid":{"rendered":"http:\/\/www.ayuntamientodeharia.com\/haria\/?p=4951"},"modified":"2016-04-19T07:26:49","modified_gmt":"2016-04-19T07:26:49","slug":"iv-edicion-de-la-carrera-por-montana-haria-extreme-copa-de-canarias-y-final-de-la-copa-de-espana-gran-premio-buf-salomon-2014","status":"publish","type":"post","link":"https:\/\/www.ayuntamientodeharia.com\/haria\/iv-edicion-de-la-carrera-por-montana-haria-extreme-copa-de-canarias-y-final-de-la-copa-de-espana-gran-premio-buf-salomon-2014\/","title":{"rendered":"\u2018IV Edici\u00f3n de la Carrera por Monta\u00f1a Har\u00eda Extreme. Copa de Canarias y Final de la Copa de Espa\u00f1a-Gran Premio Buf Salom\u00f3n 2014\u2019"},"content":{"rendered":"<p><strong>Jueves, 9 de octubre:<\/strong><\/p>\n<p>&nbsp;<\/p>\n<p><em> Desde las 11:00 a las 13:00 horas<\/em>: Retirada de dorsales y chips por parte de los corredores en el Hotel Sands Beach Resort.<\/p>\n<p>&nbsp;<\/p>\n<p><em>13:00 horas<\/em>: Rueda de prensa y presentaci\u00f3n oficial de la carrera por monta\u00f1a \u2018Har\u00eda Extreme 2014\u2019 en el Hotel Sands Beach Resort de Costa Teguise.<\/p>\n<p>&nbsp;<\/p>\n<p><em>Desde las 16:30 a las 19:30 horas<\/em>: Retirada de dorsales y chips por parte de los corredores en la Carpa de Administraci\u00f3n situada en el solar anexo a la Plaza de Har\u00eda.<\/p>\n<p><!--more--><\/p>\n<p>&nbsp;<\/p>\n<p><em>Desde las 16:00 a las 19:30 horas<\/em>: Apertura de la Feria Extreme en el solar anexo a la Plaza de Har\u00eda. Acceso libre.<\/p>\n<p>&nbsp;<\/p>\n<p><em>Desde las 16:00 a las 21:00 horas:<\/em> Apertura de la exposici\u00f3n de fotograf\u00edas \u2018Expo Trail\u2019 en el Centro Sociocultural La Tegala. Acceso libre.<\/p>\n<p>&nbsp;<\/p>\n<p><em>Desde las 18:30 a las 19:30 horas<\/em>: Conferencia \u2018Comer y correr: mitos y realidades sobre la alimentaci\u00f3n de los corredores\u2019, a cargo de Juanjo C\u00e1ceres Nevot, coautor de varios libros sobre la alimentaci\u00f3n, investigador y docente en Ciencias Humanas y Sociales, as\u00ed como miembro de la Junta Directiva de la ICAF, en el Centro Sociocultural La Tegala. Acceso libre.<\/p>\n<p>&nbsp;<\/p>\n<p><em>19:30 horas:<\/em> Fiesta C\u00f3ctel de bienvenida para los corredores. Rogelio Quintero Montesdeoca, profesor de cocina en el IES Virgen de la Candelaria de Tenerife e investigador de la gastronom\u00eda tradicional canaria, y Encarna Su\u00e1rez, profesora en el IES Virgen de la Candelaria de Tenerife, realizar\u00e1n una gastro exhibici\u00f3n de productos locales en la Carpa Tapeo\u00b4s Runner situada en el solar anexo a la Plaza de Har\u00eda.<\/p>\n<p>&nbsp;<\/p>\n<p><strong>Viernes, 10 de octubre: <\/strong><\/p>\n<p>&nbsp;<\/p>\n<p><em>Desde las 11:00 a las 13:00 horas y desde las 16:30 a las 19:30 horas:<\/em> Retirada de dorsales y chips por parte de los corredores en la Carpa de Administraci\u00f3n situada en el solar anexo a la Plaza de Har\u00eda.<\/p>\n<p>&nbsp;<\/p>\n<p><em>Desde las 16:00 a las 21:00 horas<\/em>: Exposici\u00f3n de fotograf\u00edas \u2018Expo Trail\u2019 en el Centro Sociocultural La Tegala. Acceso libre.<\/p>\n<p>&nbsp;<\/p>\n<p><em>Desde las 16:30 a las 19:30 horas:<\/em> Feria Extreme en el solar anexo a la Plaza de Har\u00eda. Acceso libre.<\/p>\n<p>&nbsp;<\/p>\n<p><em>Desde las 16:00 a las 17:00 horas:<\/em> Retirada de dorsales de los ni\u00f1os participantes en la modalidad \u2018Kid\u00b4s Extreme\u2019 en la Carpa de Administraci\u00f3n, situada en el solar anexo a la Plaza de Har\u00eda.<\/p>\n<p><em>17:30 horas:<\/em> Salida de las carreras infantiles \u2018Kid\u00b4s Extreme\u2019 desde la Plaza de Har\u00eda.<\/p>\n<p>&nbsp;<\/p>\n<p><em>Desde las 18:00 a las 21:00 horas<\/em>:- Tapeo\u00b4s Runner en las carpas situadas en el solar anexo a la Plaza de Har\u00eda. Acceso libre.<\/p>\n<p>&nbsp;<\/p>\n<p><em> Desde las 18:00 a las 20:00 horas<\/em>: Cena de la pasta para los corredores en el local del antiguo restaurante Casa Cura de Har\u00eda.<\/p>\n<p>&nbsp;<\/p>\n<p><em> 18:30 horas<\/em>: Briefing (se dar\u00e1n a conocer los aspectos t\u00e9cnicos que presentan los recorridos de las diferentes modalidades) en el Centro Sociocultural La Tegala. Acceso libre.<\/p>\n<p>&nbsp;<\/p>\n<p><strong>S\u00e1bado, 11 de octubre<\/strong>:<\/p>\n<p>&nbsp;<\/p>\n<p><em>06:00 horas:<\/em> Salida de los corredores de la modalidad Ultra desde la Plaza de Har\u00eda.<\/p>\n<p>&nbsp;<\/p>\n<p><em> 08:00 horas:<\/em> Salida de los corredores de la modalidad Copa de Espa\u00f1a desde la Plaza de Har\u00eda.<\/p>\n<p>&nbsp;<\/p>\n<p><em> 08:15 horas:<\/em> Salida de los corredores de las modalidades M\u00e9dium y Senderismo\/Starter desde la Plaza de Har\u00eda.<\/p>\n<p>&nbsp;<\/p>\n<p><em> Desde la 10:00 a las 14:30 horas<\/em>: Mercado Har\u00eda Artesanal en la Plaza de Har\u00eda. Acceso libre.<\/p>\n<p>&nbsp;<\/p>\n<p><em>Desde las 10:00 a las 16:00 horas:<\/em> Feria Extreme en la Carpa de Administraci\u00f3n, situada en el solar anexo a la Plaza de Har\u00eda. Acceso libre.<\/p>\n<p>&nbsp;<\/p>\n<p><em>Desde las 12:00 a las 18:00 horas<\/em>:- Tapeo\u00b4s Runner. Feria de la Tapa en el solar anexo a la Plaza de Har\u00eda. Acceso libre.<\/p>\n<p>&nbsp;<\/p>\n<p><em> Desde las 10:00 a las 20:00 horas:<\/em>&#8211; Exposici\u00f3n de fotograf\u00edas \u2018Expo Trail\u2019 en el Centro Sociocultural La Tegala. Acceso libre.<\/p>\n<p>&nbsp;<\/p>\n<p><em>Desde las 10:00 a las 18:00 horas<\/em>: Zona Infantil con talleres, ludoteca, hinchables, pinta caritas y globoflexia en el Parque Infantil. Acceso libre.<\/p>\n<p>&nbsp;<\/p>\n<p><em>Desde las 10:30 a las 17:00 horas:<\/em> Zona de recuperaci\u00f3n y estiramientos para los corredores en la Plaza de Har\u00eda.<\/p>\n<p>&nbsp;<\/p>\n<p><em>Desde las 11:00 a las 16:00 horas<\/em>: Stand de Fisioterapia para los corredores de las modalidades de la Copa de Espa\u00f1a y Ultra con \u00e1rea de masoterapia, vendajes neuromusculares, stand de fisioterapia, servicio de podolog\u00eda y piscinas de hielo en la zona de meta de la Plaza de Har\u00eda.<\/p>\n<p>&nbsp;<\/p>\n<p><em> Desde las 12:00 a las 17:00 horas:<\/em> Servicio de duchas para los corredores en el Pabell\u00f3n Municipal.<\/p>\n<p>&nbsp;<\/p>\n<p><em>15:30 horas:<\/em> Actuaci\u00f3n del grupo Treintaytantos en el escenario anexo a la Plaza de Har\u00eda. Acceso gratuito.<\/p>\n<p>&nbsp;<\/p>\n<p><em>16:00 horas<\/em>: Cierre de control Meta.<\/p>\n<p>&nbsp;<\/p>\n<p><em>17:00 horas:<\/em> Entrega de trofeos de las diferentes modalidades de la &#8216;Har\u00eda Extreme&#8217;, Copa de Espa\u00f1a y Copa de Canarias 2014 en el escenario anexo a la Plaza de Har\u00eda. Acceso libre.<\/p>\n<p>&nbsp;<\/p>\n<p><em>18:30 horas:<\/em> Concierto del grupo Los Lola en el escenario anexo a la Plaza de Har\u00eda. Acceso gratuito.<\/p>\n<p>&nbsp;<\/p>\n<p><strong>Domingo, 12 de octubre<\/strong><\/p>\n<p>&nbsp;<\/p>\n<p><em>Desde las 10:00 a las 12:30 horas<\/em>: Excursi\u00f3n en barco para los corredores por el Archipi\u00e9lago Chinijo.<\/p>\n<p>&nbsp;<\/p>\n<p><em> 20:00 horas:<\/em> Fiesta del Voluntario para todas aquellas personas que han trabajado en el desarrollo de la \u2018Har\u00eda Extreme\u2019, en el local del antiguo restaurante Casa Cura de Har\u00eda.<\/p>\n","protected":false},"excerpt":{"rendered":"<p>Jueves, 9 de octubre: &nbsp; Desde las 11:00 a las 13:00 horas: Retirada de dorsales y chips por parte de los corredores en el Hotel Sands Beach Resort. &nbsp; 13:00 horas: Rueda de prensa y presentaci\u00f3n oficial de la carrera por monta\u00f1a \u2018Har\u00eda Extreme 2014\u2019 en el Hotel Sands Beach Resort de Costa Teguise. &nbsp; [&hellip;]<\/p>\n","protected":false},"author":2,"featured_media":0,"comment_status":"closed","ping_status":"closed","sticky":false,"template":"","format":"standard","meta":{"footnotes":""},"categories":[17,15,11],"tags":[],"class_list":["post-4951","post","type-post","status-publish","format-standard","hentry","category-deportes","category-festejos","category-hoja-de-haria"],"_links":{"self":[{"href":"https:\/\/www.ayuntamientodeharia.com\/haria\/wp-json\/wp\/v2\/posts\/4951","targetHints":{"allow":["GET"]}}],"collection":[{"href":"https:\/\/www.ayuntamientodeharia.com\/haria\/wp-json\/wp\/v2\/posts"}],"about":[{"href":"https:\/\/www.ayuntamientodeharia.com\/haria\/wp-json\/wp\/v2\/types\/post"}],"author":[{"embeddable":true,"href":"https:\/\/www.ayuntamientodeharia.com\/haria\/wp-json\/wp\/v2\/users\/2"}],"replies":[{"embeddable":true,"href":"https:\/\/www.ayuntamientodeharia.com\/haria\/wp-json\/wp\/v2\/comments?post=4951"}],"version-history":[{"count":0,"href":"https:\/\/www.ayuntamientodeharia.com\/haria\/wp-json\/wp\/v2\/posts\/4951\/revisions"}],"wp:attachment":[{"href":"https:\/\/www.ayuntamientodeharia.com\/haria\/wp-json\/wp\/v2\/media?parent=4951"}],"wp:term":[{"taxonomy":"category","embeddable":true,"href":"https:\/\/www.ayuntamientodeharia.com\/haria\/wp-json\/wp\/v2\/categories?post=4951"},{"taxonomy":"post_tag","embeddable":true,"href":"https:\/\/www.ayuntamientodeharia.com\/haria\/wp-json\/wp\/v2\/tags?post=4951"}],"curies":[{"name":"wp","href":"https:\/\/api.w.org\/{rel}","templated":true}]}}