{"id":4949,"date":"2016-04-19T07:21:18","date_gmt":"2016-04-19T07:21:18","guid":{"rendered":"http:\/\/www.ayuntamientodeharia.com\/haria\/?p=4949"},"modified":"2016-04-19T07:21:18","modified_gmt":"2016-04-19T07:21:18","slug":"haria-extreme-inicia-las-actividades-complementarias-con-una-master-class-impartida-por-la-corredora-eva-maria-moreda","status":"publish","type":"post","link":"https:\/\/www.ayuntamientodeharia.com\/haria\/haria-extreme-inicia-las-actividades-complementarias-con-una-master-class-impartida-por-la-corredora-eva-maria-moreda\/","title":{"rendered":"\u2018Har\u00eda Extreme\u2019 inicia las actividades complementarias con una m\u00e1ster class impartida por la corredora Eva Mar\u00eda Moreda"},"content":{"rendered":"<p><a href=\"http:\/\/www.ayuntamientodeharia.com\/haria\/wp-content\/uploads\/2016\/04\/master-class.jpg\"><img decoding=\"async\" class=\"alignleft  wp-image-4942\" src=\"http:\/\/www.ayuntamientodeharia.com\/haria\/wp-content\/uploads\/2016\/04\/master-class-300x206.jpg\" alt=\"master class\" width=\"255\" height=\"179\" \/><\/a>Eva Mar\u00eda Moreda, corredora de la Selecci\u00f3n Balear y segunda clasificada en el ranking nacional de la \u2018Copa de Espa\u00f1a de Carreras por Monta\u00f1a-Gran Premio Buff Salom\u00f3n 2014\u2019, fue la encargada de inaugurar las actividades complementarias programadas con motivo de la celebraci\u00f3n de la \u2018Har\u00eda Extreme\u2019, el martes, 7 de octubre, a las 17:30 horas, en el Hotel Sands Beach Resort de Costa Teguise.<\/p>\n<p><!--more--><\/p>\n<p>&nbsp;<\/p>\n<p>La corredora balear no solamente realiz\u00f3 una amplia exposici\u00f3n de los aspectos t\u00e9cnicos que debe tener en cuenta el corredor antes y durante la realizaci\u00f3n de una prueba deportiva, sino que adem\u00e1s comparti\u00f3 con los asistentes, entre los que se encontraban un nutrido grupo de corredores y de p\u00fa- blico interesado en el tema, su experiencia personal como corredora.<\/p>\n<p>&nbsp;<\/p>\n<p>A pesar de su juventud, Eva Mar\u00eda Moreda cuenta con una amplia y s\u00f3lida trayectoria deportiva. Desde los 12 a\u00f1os compite a nivel nacional en la modalidad de atletismo, deporte que abandona en su etapa\u00a0universitaria. Tras estar varios a\u00f1os fuera de las competiciones, regresa en el a\u00f1o 2010 a trav\u00e9s de las carreras por monta\u00f1a. Su t\u00e9cnica depurada y sus magn\u00edficas cualidades f\u00edsicas la llevan a ser segunda en la clasificaci\u00f3n general de la categor\u00eda femenina de la \u2018Copa de Espa\u00f1a de Carreras por Monta\u00f1a-Gran Premio Buff Salom\u00f3n\u2019 en 2012 y tercera en la competici\u00f3n de 2013. Este a\u00f1o, Eva Mar\u00eda Moreda vuelve a participar en la \u2018Har\u00eda Extreme\u2019, modalidad Copa, con la esperanza de lograr los puntos necesarios que la catapulten al primer puesto de la general.<\/p>\n","protected":false},"excerpt":{"rendered":"<p>Eva Mar\u00eda Moreda, corredora de la Selecci\u00f3n Balear y segunda clasificada en el ranking nacional de la \u2018Copa de Espa\u00f1a de Carreras por Monta\u00f1a-Gran Premio Buff Salom\u00f3n 2014\u2019, fue la encargada de inaugurar las actividades complementarias programadas con motivo de la celebraci\u00f3n de la \u2018Har\u00eda Extreme\u2019, el martes, 7 de octubre, a las 17:30 horas, [&hellip;]<\/p>\n","protected":false},"author":2,"featured_media":0,"comment_status":"closed","ping_status":"closed","sticky":false,"template":"","format":"standard","meta":{"footnotes":""},"categories":[17,11],"tags":[],"class_list":["post-4949","post","type-post","status-publish","format-standard","hentry","category-deportes","category-hoja-de-haria"],"_links":{"self":[{"href":"https:\/\/www.ayuntamientodeharia.com\/haria\/wp-json\/wp\/v2\/posts\/4949","targetHints":{"allow":["GET"]}}],"collection":[{"href":"https:\/\/www.ayuntamientodeharia.com\/haria\/wp-json\/wp\/v2\/posts"}],"about":[{"href":"https:\/\/www.ayuntamientodeharia.com\/haria\/wp-json\/wp\/v2\/types\/post"}],"author":[{"embeddable":true,"href":"https:\/\/www.ayuntamientodeharia.com\/haria\/wp-json\/wp\/v2\/users\/2"}],"replies":[{"embeddable":true,"href":"https:\/\/www.ayuntamientodeharia.com\/haria\/wp-json\/wp\/v2\/comments?post=4949"}],"version-history":[{"count":0,"href":"https:\/\/www.ayuntamientodeharia.com\/haria\/wp-json\/wp\/v2\/posts\/4949\/revisions"}],"wp:attachment":[{"href":"https:\/\/www.ayuntamientodeharia.com\/haria\/wp-json\/wp\/v2\/media?parent=4949"}],"wp:term":[{"taxonomy":"category","embeddable":true,"href":"https:\/\/www.ayuntamientodeharia.com\/haria\/wp-json\/wp\/v2\/categories?post=4949"},{"taxonomy":"post_tag","embeddable":true,"href":"https:\/\/www.ayuntamientodeharia.com\/haria\/wp-json\/wp\/v2\/tags?post=4949"}],"curies":[{"name":"wp","href":"https:\/\/api.w.org\/{rel}","templated":true}]}}