{"id":4945,"date":"2016-04-19T07:17:30","date_gmt":"2016-04-19T07:17:30","guid":{"rendered":"http:\/\/www.ayuntamientodeharia.com\/haria\/?p=4945"},"modified":"2016-04-19T07:17:30","modified_gmt":"2016-04-19T07:17:30","slug":"varias-calles-se-cerraran-al-trafico-durante-la-celebracion-de-la-haria-extreme","status":"publish","type":"post","link":"https:\/\/www.ayuntamientodeharia.com\/haria\/varias-calles-se-cerraran-al-trafico-durante-la-celebracion-de-la-haria-extreme\/","title":{"rendered":"Varias calles se cerrar\u00e1n al tr\u00e1fico durante la celebraci\u00f3n de la \u2018Har\u00eda Extreme\u2019"},"content":{"rendered":"<p><a href=\"http:\/\/www.ayuntamientodeharia.com\/haria\/wp-content\/uploads\/2016\/04\/calles.jpg\"><img decoding=\"async\" class=\"alignleft  wp-image-4937\" src=\"http:\/\/www.ayuntamientodeharia.com\/haria\/wp-content\/uploads\/2016\/04\/calles-300x256.jpg\" alt=\"calles\" width=\"195\" height=\"168\" srcset=\"https:\/\/www.ayuntamientodeharia.com\/haria\/wp-content\/uploads\/2016\/04\/calles-1024x875.jpg 1024w, https:\/\/www.ayuntamientodeharia.com\/haria\/wp-content\/uploads\/2016\/04\/calles.jpg 1170w\" sizes=\"(max-width: 195px) 100vw, 195px\" \/><\/a>Atendiendo a los criterios de seguridad establecidos por la Junta de Seguridad para el correcto desarrollo de la carrera por monta\u00f1a \u2018Har\u00eda Extreme\u2019, el s\u00e1bado, 11 de octubre, se cerrar\u00e1n temporalmente al tr\u00e1fico las calles del pueblo de Har\u00eda que aparecen marcadas con el color violeta en el plano adjunto.<\/p>\n<p><!--more--><\/p>\n<p>&nbsp;<\/p>\n<p>Las v\u00edas se cerrar\u00e1n al tr\u00e1fico rodado a partir de las 01:00 horas, teniendo previsto que se pueda volver a circular a las 19:00 horas. Desde el Consistorio norte\u00f1o se pide disculpas a los vecinos por los inconvenientes que dicho cierre les pueda causar<\/p>\n","protected":false},"excerpt":{"rendered":"<p>Atendiendo a los criterios de seguridad establecidos por la Junta de Seguridad para el correcto desarrollo de la carrera por monta\u00f1a \u2018Har\u00eda Extreme\u2019, el s\u00e1bado, 11 de octubre, se cerrar\u00e1n temporalmente al tr\u00e1fico las calles del pueblo de Har\u00eda que aparecen marcadas con el color violeta en el plano adjunto.<\/p>\n","protected":false},"author":2,"featured_media":0,"comment_status":"closed","ping_status":"closed","sticky":false,"template":"","format":"standard","meta":{"footnotes":""},"categories":[17,11],"tags":[],"class_list":["post-4945","post","type-post","status-publish","format-standard","hentry","category-deportes","category-hoja-de-haria"],"_links":{"self":[{"href":"https:\/\/www.ayuntamientodeharia.com\/haria\/wp-json\/wp\/v2\/posts\/4945","targetHints":{"allow":["GET"]}}],"collection":[{"href":"https:\/\/www.ayuntamientodeharia.com\/haria\/wp-json\/wp\/v2\/posts"}],"about":[{"href":"https:\/\/www.ayuntamientodeharia.com\/haria\/wp-json\/wp\/v2\/types\/post"}],"author":[{"embeddable":true,"href":"https:\/\/www.ayuntamientodeharia.com\/haria\/wp-json\/wp\/v2\/users\/2"}],"replies":[{"embeddable":true,"href":"https:\/\/www.ayuntamientodeharia.com\/haria\/wp-json\/wp\/v2\/comments?post=4945"}],"version-history":[{"count":0,"href":"https:\/\/www.ayuntamientodeharia.com\/haria\/wp-json\/wp\/v2\/posts\/4945\/revisions"}],"wp:attachment":[{"href":"https:\/\/www.ayuntamientodeharia.com\/haria\/wp-json\/wp\/v2\/media?parent=4945"}],"wp:term":[{"taxonomy":"category","embeddable":true,"href":"https:\/\/www.ayuntamientodeharia.com\/haria\/wp-json\/wp\/v2\/categories?post=4945"},{"taxonomy":"post_tag","embeddable":true,"href":"https:\/\/www.ayuntamientodeharia.com\/haria\/wp-json\/wp\/v2\/tags?post=4945"}],"curies":[{"name":"wp","href":"https:\/\/api.w.org\/{rel}","templated":true}]}}