{"id":4943,"date":"2016-04-19T07:15:44","date_gmt":"2016-04-19T07:15:44","guid":{"rendered":"http:\/\/www.ayuntamientodeharia.com\/haria\/?p=4943"},"modified":"2016-04-19T07:15:44","modified_gmt":"2016-04-19T07:15:44","slug":"juanjo-caceres-impartira-una-conferencia-sobre-la-alimentacion-de-los-corredores","status":"publish","type":"post","link":"https:\/\/www.ayuntamientodeharia.com\/haria\/juanjo-caceres-impartira-una-conferencia-sobre-la-alimentacion-de-los-corredores\/","title":{"rendered":"Juanjo C\u00e1ceres impartir\u00e1 una conferencia sobre la alimentaci\u00f3n de los corredores"},"content":{"rendered":"<p><a href=\"http:\/\/www.ayuntamientodeharia.com\/haria\/wp-content\/uploads\/2016\/04\/alimentacion-de-corredores.jpg\"><img decoding=\"async\" class=\"alignleft  wp-image-4936\" src=\"http:\/\/www.ayuntamientodeharia.com\/haria\/wp-content\/uploads\/2016\/04\/alimentacion-de-corredores-300x146.jpg\" alt=\"alimentacion de corredores\" width=\"271\" height=\"138\" \/><\/a>El jueves, 9 de octubre, a partir de las 18:30 horas, Juanjo C\u00e1ceres Nevot, coautor de varios libros sobre alimentaci\u00f3n, investigador y docente en Ciencias Humanas y Sociales, as\u00ed como miembro de la Junta Directiva de la ICAF, impartir\u00e1 una interesante conferencia titulada \u2018Comer y correr: mitos y realidades sobre la alimentaci\u00f3n de los corredores\u2019, en el Centro Sociocultural La Tegala, con acceso libre.<\/p>\n<p><!--more--><\/p>\n<p>&nbsp;<\/p>\n<p>Juanjo C\u00e1ceres Nevot es coautor, junto con Julio Basulto, del libro \u2018Comer y correr: mitos y realidades sobre la alimentaci\u00f3n de los corredores\u2019, una obra de divulgaci\u00f3n dirigida tanto a corredores profesionales como amateurs. A trav\u00e9s de las p\u00e1ginas de este libro, el lector aprender\u00e1 a reconocer lo que hay de verdad y de mito en la alimentaci\u00f3n de los corredores, pero tambi\u00e9n a resolver las dudas que les pueden surgir sobre qu\u00e9 comer antes de una carrera o una vez esta concluya, c\u00f3mo afrontar carreras de largas distancias, si es o no beneficioso el consumo de suplementos deportivos, etc.<\/p>\n<p>&nbsp;<\/p>\n<p>La asistencia a la conferencia es gratuita, por lo que todas aquellas personas que est\u00e9n interesadas en conocer diferentes aspectos sobre la alimentaci\u00f3n y el deporte pueden acercarse al Centro Sociocultural La Tegala para escuchar a uno de los investigadores que m\u00e1s sabe de dicha materia en este pa\u00eds.<\/p>\n<p>&nbsp;<\/p>\n<p>&nbsp;<\/p>\n","protected":false},"excerpt":{"rendered":"<p>El jueves, 9 de octubre, a partir de las 18:30 horas, Juanjo C\u00e1ceres Nevot, coautor de varios libros sobre alimentaci\u00f3n, investigador y docente en Ciencias Humanas y Sociales, as\u00ed como miembro de la Junta Directiva de la ICAF, impartir\u00e1 una interesante conferencia titulada \u2018Comer y correr: mitos y realidades sobre la alimentaci\u00f3n de los corredores\u2019, [&hellip;]<\/p>\n","protected":false},"author":2,"featured_media":0,"comment_status":"closed","ping_status":"closed","sticky":false,"template":"","format":"standard","meta":{"footnotes":""},"categories":[17,11],"tags":[],"class_list":["post-4943","post","type-post","status-publish","format-standard","hentry","category-deportes","category-hoja-de-haria"],"_links":{"self":[{"href":"https:\/\/www.ayuntamientodeharia.com\/haria\/wp-json\/wp\/v2\/posts\/4943","targetHints":{"allow":["GET"]}}],"collection":[{"href":"https:\/\/www.ayuntamientodeharia.com\/haria\/wp-json\/wp\/v2\/posts"}],"about":[{"href":"https:\/\/www.ayuntamientodeharia.com\/haria\/wp-json\/wp\/v2\/types\/post"}],"author":[{"embeddable":true,"href":"https:\/\/www.ayuntamientodeharia.com\/haria\/wp-json\/wp\/v2\/users\/2"}],"replies":[{"embeddable":true,"href":"https:\/\/www.ayuntamientodeharia.com\/haria\/wp-json\/wp\/v2\/comments?post=4943"}],"version-history":[{"count":0,"href":"https:\/\/www.ayuntamientodeharia.com\/haria\/wp-json\/wp\/v2\/posts\/4943\/revisions"}],"wp:attachment":[{"href":"https:\/\/www.ayuntamientodeharia.com\/haria\/wp-json\/wp\/v2\/media?parent=4943"}],"wp:term":[{"taxonomy":"category","embeddable":true,"href":"https:\/\/www.ayuntamientodeharia.com\/haria\/wp-json\/wp\/v2\/categories?post=4943"},{"taxonomy":"post_tag","embeddable":true,"href":"https:\/\/www.ayuntamientodeharia.com\/haria\/wp-json\/wp\/v2\/tags?post=4943"}],"curies":[{"name":"wp","href":"https:\/\/api.w.org\/{rel}","templated":true}]}}