{"id":4784,"date":"2016-04-15T12:22:08","date_gmt":"2016-04-15T12:22:08","guid":{"rendered":"http:\/\/www.ayuntamientodeharia.com\/haria\/?p=4784"},"modified":"2016-04-15T12:22:08","modified_gmt":"2016-04-15T12:22:08","slug":"el-ayuntamiento-de-haria-pone-en-marcha-el-proyecto-talega-para-reducir-el-consumo-de-plastico","status":"publish","type":"post","link":"https:\/\/www.ayuntamientodeharia.com\/haria\/el-ayuntamiento-de-haria-pone-en-marcha-el-proyecto-talega-para-reducir-el-consumo-de-plastico\/","title":{"rendered":"El Ayuntamiento de Har\u00eda pone en marcha el proyecto \u2018Talega\u2019 para reducir el consumo de pl\u00e1stico"},"content":{"rendered":"<h6><a href=\"http:\/\/www.ayuntamientodeharia.com\/haria\/wp-content\/uploads\/2016\/04\/talega.jpg\"><img decoding=\"async\" class=\"alignleft  wp-image-4764\" src=\"http:\/\/www.ayuntamientodeharia.com\/haria\/wp-content\/uploads\/2016\/04\/talega-300x215.jpg\" alt=\"talega\" width=\"208\" height=\"151\" \/><\/a>Esta iniciativa persigue la recuperaci\u00f3n de las tradicionales bolsas de tela para transportar todo tipo de objetos y alimentos<\/h6>\n<p>&nbsp;<\/p>\n<p>El Ayuntamiento de Har\u00eda, a trav\u00e9s de la Concejal\u00eda de Medio Ambiente, que coordina Rosa Mar\u00eda P\u00e9rez, ha puesto en marcha el proyecto \u2018Talega\u2019, presentado por la soci\u00f3loga Carmen Morales, con el objetivo de ir sustituyendo gradualmente las bolsas de pl\u00e1stico, elemento contaminante compuesto de sustancias derivadas del petr\u00f3leo, que puede tardar en degradarse m\u00e1s de medio siglo, atentando gravemente contra el medio ambiente.<\/p>\n<p><!--more--><\/p>\n<p>&nbsp;<\/p>\n<p>Para ello se pretende recuperar el uso de la talega, una bolsa realizada en tela o lana para guardar y transportar objetos o alimentos, cuyo tama\u00f1o variaba dependiendo de la utilidad y del trozo de retal disponible para su confecci\u00f3n. Hasta la d\u00e9cada de los 70, su uso era generalizado entre los habitantes del municipio, formando parte de su historia y cultura tradicional.<\/p>\n<p>&nbsp;<\/p>\n<p>El Consistorio norte\u00f1o, comprometido con el cuidado del entorno y con salvaguardar el patrimonio artesanal y etnogr\u00e1fico del municipio, puso en marcha el primer Mercado Artesanal y Tradicional en el a\u00f1o 2001, en el que se promover\u00e1 el uso de estas talegas.<\/p>\n<p>&nbsp;<\/p>\n<p>La intenci\u00f3n de la Corporaci\u00f3n municipal es seguir trabajando en la protecci\u00f3n del medio ambiente, concienciando a los vecinos de la necesidad de desechar el uso de las bolsas de pl\u00e1stico por su efecto contaminante y consiguiendo, adem\u00e1s, un ahorro econ\u00f3mico, ya que se calcula que una persona usa de media unas tres bolsas diarias, lo que supone un gasto de alrededor de 15 euros al a\u00f1o.<\/p>\n<p>&nbsp;<\/p>\n<p>Precisamente con este objetivo, durante la celebraci\u00f3n de la carrera por monta\u00f1a Har\u00eda Extreme, el Ayuntamiento sustituy\u00f3 las tradicionales bolsas que se entregan a los corredores realizadas con material sint\u00e9tico por otras elaboradas con muselina.<\/p>\n<p>&nbsp;<\/p>\n<p>La siguiente actividad de esta iniciativa se realizar\u00e1 en los centros educativos del municipio, donde se entregar\u00e1 a cada ni\u00f1o una taleguita para que lleve su desayuno. Otra de las acciones previstas es el reparto de talegas a los artesanos con puestos en el Mercado de Har\u00eda Artesanal de los s\u00e1bados, as\u00ed como en los distintos comercios y entre los vecinos del municipio.<\/p>\n<p>&nbsp;<\/p>\n<p>Para la concejala responsable, Rosa Mar\u00eda P\u00e9rez, \u201ccon esta iniciativa se pretende que los vecinos del municipio utilicen las talegas para ir a la tienda, como se hac\u00eda antiguamente, e ir concienciando poco a poco a la poblaci\u00f3n de la necesidad de adquirir h\u00e1bitos de vida saludables en perfecta armon\u00eda con el medio ambiente\u201d.<\/p>\n","protected":false},"excerpt":{"rendered":"<p>Esta iniciativa persigue la recuperaci\u00f3n de las tradicionales bolsas de tela para transportar todo tipo de objetos y alimentos &nbsp; El Ayuntamiento de Har\u00eda, a trav\u00e9s de la Concejal\u00eda de Medio Ambiente, que coordina Rosa Mar\u00eda P\u00e9rez, ha puesto en marcha el proyecto \u2018Talega\u2019, presentado por la soci\u00f3loga Carmen Morales, con el objetivo de ir [&hellip;]<\/p>\n","protected":false},"author":2,"featured_media":0,"comment_status":"closed","ping_status":"closed","sticky":false,"template":"","format":"standard","meta":{"footnotes":""},"categories":[11,51],"tags":[],"class_list":["post-4784","post","type-post","status-publish","format-standard","hentry","category-hoja-de-haria","category-medioambiente"],"_links":{"self":[{"href":"https:\/\/www.ayuntamientodeharia.com\/haria\/wp-json\/wp\/v2\/posts\/4784","targetHints":{"allow":["GET"]}}],"collection":[{"href":"https:\/\/www.ayuntamientodeharia.com\/haria\/wp-json\/wp\/v2\/posts"}],"about":[{"href":"https:\/\/www.ayuntamientodeharia.com\/haria\/wp-json\/wp\/v2\/types\/post"}],"author":[{"embeddable":true,"href":"https:\/\/www.ayuntamientodeharia.com\/haria\/wp-json\/wp\/v2\/users\/2"}],"replies":[{"embeddable":true,"href":"https:\/\/www.ayuntamientodeharia.com\/haria\/wp-json\/wp\/v2\/comments?post=4784"}],"version-history":[{"count":0,"href":"https:\/\/www.ayuntamientodeharia.com\/haria\/wp-json\/wp\/v2\/posts\/4784\/revisions"}],"wp:attachment":[{"href":"https:\/\/www.ayuntamientodeharia.com\/haria\/wp-json\/wp\/v2\/media?parent=4784"}],"wp:term":[{"taxonomy":"category","embeddable":true,"href":"https:\/\/www.ayuntamientodeharia.com\/haria\/wp-json\/wp\/v2\/categories?post=4784"},{"taxonomy":"post_tag","embeddable":true,"href":"https:\/\/www.ayuntamientodeharia.com\/haria\/wp-json\/wp\/v2\/tags?post=4784"}],"curies":[{"name":"wp","href":"https:\/\/api.w.org\/{rel}","templated":true}]}}