{"id":4782,"date":"2016-04-15T12:18:22","date_gmt":"2016-04-15T12:18:22","guid":{"rendered":"http:\/\/www.ayuntamientodeharia.com\/haria\/?p=4782"},"modified":"2016-04-15T12:18:22","modified_gmt":"2016-04-15T12:18:22","slug":"francisco-medina-expone-sus-escultura-en-el-aljibe-de-haria","status":"publish","type":"post","link":"https:\/\/www.ayuntamientodeharia.com\/haria\/francisco-medina-expone-sus-escultura-en-el-aljibe-de-haria\/","title":{"rendered":"Francisco Medina expone sus escultura en El Aljibe de Har\u00eda"},"content":{"rendered":"<p><a href=\"http:\/\/www.ayuntamientodeharia.com\/haria\/wp-content\/uploads\/2016\/04\/exposicion.jpg\"><img decoding=\"async\" class=\"alignleft  wp-image-4762\" src=\"http:\/\/www.ayuntamientodeharia.com\/haria\/wp-content\/uploads\/2016\/04\/exposicion-219x300.jpg\" alt=\"exposicion\" width=\"106\" height=\"142\" \/><\/a>Este s\u00e1bado, 8 de noviembre, a las 12:00 horas, se inaugurar\u00e1 la exposici\u00f3n de esculturas denominada \u2018Equilibrio\u2019, en la sala de exposiciones El Aljibe de Har\u00eda.<\/p>\n<p><!--more--><\/p>\n<p>&nbsp;<\/p>\n<p>En esta muestra se recogen las obras realizadas en los \u00faltimos 23 a\u00f1os por el escultor autodidacta Francisco Medina. Su trabajo como carpintero lo lleva poco a poco a iniciarse en el mundo de la creaci\u00f3n art\u00edstica.<\/p>\n<p>&nbsp;<\/p>\n<p>La exposici\u00f3n, que cuenta con distintas piezas en maderas nobles, podr\u00e1 visitarse hasta el 29 de noviembre, de lunes a s\u00e1bado, en horario de 10:00 a 14:00 horas.<\/p>\n","protected":false},"excerpt":{"rendered":"<p>Este s\u00e1bado, 8 de noviembre, a las 12:00 horas, se inaugurar\u00e1 la exposici\u00f3n de esculturas denominada \u2018Equilibrio\u2019, en la sala de exposiciones El Aljibe de Har\u00eda.<\/p>\n","protected":false},"author":2,"featured_media":0,"comment_status":"closed","ping_status":"closed","sticky":false,"template":"","format":"standard","meta":{"footnotes":""},"categories":[16,11],"tags":[],"class_list":["post-4782","post","type-post","status-publish","format-standard","hentry","category-cultura","category-hoja-de-haria"],"_links":{"self":[{"href":"https:\/\/www.ayuntamientodeharia.com\/haria\/wp-json\/wp\/v2\/posts\/4782","targetHints":{"allow":["GET"]}}],"collection":[{"href":"https:\/\/www.ayuntamientodeharia.com\/haria\/wp-json\/wp\/v2\/posts"}],"about":[{"href":"https:\/\/www.ayuntamientodeharia.com\/haria\/wp-json\/wp\/v2\/types\/post"}],"author":[{"embeddable":true,"href":"https:\/\/www.ayuntamientodeharia.com\/haria\/wp-json\/wp\/v2\/users\/2"}],"replies":[{"embeddable":true,"href":"https:\/\/www.ayuntamientodeharia.com\/haria\/wp-json\/wp\/v2\/comments?post=4782"}],"version-history":[{"count":0,"href":"https:\/\/www.ayuntamientodeharia.com\/haria\/wp-json\/wp\/v2\/posts\/4782\/revisions"}],"wp:attachment":[{"href":"https:\/\/www.ayuntamientodeharia.com\/haria\/wp-json\/wp\/v2\/media?parent=4782"}],"wp:term":[{"taxonomy":"category","embeddable":true,"href":"https:\/\/www.ayuntamientodeharia.com\/haria\/wp-json\/wp\/v2\/categories?post=4782"},{"taxonomy":"post_tag","embeddable":true,"href":"https:\/\/www.ayuntamientodeharia.com\/haria\/wp-json\/wp\/v2\/tags?post=4782"}],"curies":[{"name":"wp","href":"https:\/\/api.w.org\/{rel}","templated":true}]}}