{"id":4771,"date":"2016-04-15T12:10:34","date_gmt":"2016-04-15T12:10:34","guid":{"rendered":"http:\/\/www.ayuntamientodeharia.com\/haria\/?p=4771"},"modified":"2016-04-15T12:10:47","modified_gmt":"2016-04-15T12:10:47","slug":"fiestas-de-san-francisco-javier-de-ye-4","status":"publish","type":"post","link":"https:\/\/www.ayuntamientodeharia.com\/haria\/fiestas-de-san-francisco-javier-de-ye-4\/","title":{"rendered":"Fiestas de San Francisco Javier de Ye"},"content":{"rendered":"<p><strong>Viernes, 14 de noviembre<\/strong><\/p>\n<p>&nbsp;<\/p>\n<p>Engalanamiento del pueblo.<\/p>\n<p>&nbsp;<\/p>\n<p><em> 19:00h.<\/em>&#8211; Inscripci\u00f3n en el Concurso de trajes antiguos de bautizos, comuniones y bodas entre los a\u00f1os 50-90.<\/p>\n<p><!--more--><\/p>\n<p>&nbsp;<\/p>\n<p><em> 20:00h<\/em>.- Sorteo y comienzo del Campeonato de envite.<\/p>\n<p>&nbsp;<\/p>\n<p><em>21:00h.<\/em>&#8211; Preg\u00f3n de las Fiestas a cargo de Antonia Irene Perdomo Hern\u00e1ndez.<\/p>\n<p>&nbsp;<\/p>\n<p><em>21:30h<\/em>.- Tenderete canario amenizado por las parrandas Malpa\u00eds de la Corona y Pal Porrr\u00f3n.<\/p>\n<p>&nbsp;<\/p>\n<p><strong> S\u00e1bado, 15 de noviembre<\/strong><\/p>\n<p>&nbsp;<\/p>\n<p><em>12:00<\/em>h.- Manualidades para los ni\u00f1os. Traer vasitos de yogurt de beber vac\u00edos.<\/p>\n<p>&nbsp;<\/p>\n<p><em>17:00h.<\/em>&#8211; Sorteo y comienzo del Campeonato masculino de bolas libre.<\/p>\n<p>&nbsp;<\/p>\n<p><em> 18:00h<\/em>.- Sorteo y comienzo del Campeonato de ronda mixta.<\/p>\n<p>&nbsp;<\/p>\n<p><em>21:00h.<\/em>&#8211; Play back infantil a cargo de ni\u00f1os del pueblo.<\/p>\n<p>&nbsp;<\/p>\n<p><strong>Domingo, 16 de noviembre <\/strong><\/p>\n<p>&nbsp;<\/p>\n<p><em>11:00h<\/em>.- Sorteo y comienzo del Campeonato femenino de bolas libre.<\/p>\n<p>&nbsp;<\/p>\n<p><em>11:15h.<\/em>&#8211; Master class de zumba y baile.<\/p>\n<p>&nbsp;<\/p>\n<p><em>12:00h<\/em>.- \u2018Tapeando\u2019 desde 1 euro.<\/p>\n<p>&nbsp;<\/p>\n<p><em>13:00h.<\/em>&#8211; Actuaci\u00f3n de Los Lola.<\/p>\n<p>&nbsp;<\/p>\n<p><em>16:00h<\/em>.- Pasacalles acompa\u00f1ados de la comparsa Los Cumbacheros. A continuaci\u00f3n, gran fiesta infantil con animaci\u00f3n, merienda para los ni\u00f1os y chocolatada para todos.<\/p>\n<p>&nbsp;<\/p>\n<p><em>16:30h<\/em>.- Sorteo y comienzo del Campeonato de domin\u00f3.<\/p>\n","protected":false},"excerpt":{"rendered":"<p>Viernes, 14 de noviembre &nbsp; Engalanamiento del pueblo. &nbsp; 19:00h.&#8211; Inscripci\u00f3n en el Concurso de trajes antiguos de bautizos, comuniones y bodas entre los a\u00f1os 50-90.<\/p>\n","protected":false},"author":2,"featured_media":0,"comment_status":"closed","ping_status":"closed","sticky":false,"template":"","format":"standard","meta":{"footnotes":""},"categories":[15,11],"tags":[],"class_list":["post-4771","post","type-post","status-publish","format-standard","hentry","category-festejos","category-hoja-de-haria"],"_links":{"self":[{"href":"https:\/\/www.ayuntamientodeharia.com\/haria\/wp-json\/wp\/v2\/posts\/4771","targetHints":{"allow":["GET"]}}],"collection":[{"href":"https:\/\/www.ayuntamientodeharia.com\/haria\/wp-json\/wp\/v2\/posts"}],"about":[{"href":"https:\/\/www.ayuntamientodeharia.com\/haria\/wp-json\/wp\/v2\/types\/post"}],"author":[{"embeddable":true,"href":"https:\/\/www.ayuntamientodeharia.com\/haria\/wp-json\/wp\/v2\/users\/2"}],"replies":[{"embeddable":true,"href":"https:\/\/www.ayuntamientodeharia.com\/haria\/wp-json\/wp\/v2\/comments?post=4771"}],"version-history":[{"count":0,"href":"https:\/\/www.ayuntamientodeharia.com\/haria\/wp-json\/wp\/v2\/posts\/4771\/revisions"}],"wp:attachment":[{"href":"https:\/\/www.ayuntamientodeharia.com\/haria\/wp-json\/wp\/v2\/media?parent=4771"}],"wp:term":[{"taxonomy":"category","embeddable":true,"href":"https:\/\/www.ayuntamientodeharia.com\/haria\/wp-json\/wp\/v2\/categories?post=4771"},{"taxonomy":"post_tag","embeddable":true,"href":"https:\/\/www.ayuntamientodeharia.com\/haria\/wp-json\/wp\/v2\/tags?post=4771"}],"curies":[{"name":"wp","href":"https:\/\/api.w.org\/{rel}","templated":true}]}}