{"id":4769,"date":"2016-04-15T12:08:08","date_gmt":"2016-04-15T12:08:08","guid":{"rendered":"http:\/\/www.ayuntamientodeharia.com\/haria\/?p=4769"},"modified":"2016-04-15T12:08:08","modified_gmt":"2016-04-15T12:08:08","slug":"cena-en-el-centro-democratico-de-maguez","status":"publish","type":"post","link":"https:\/\/www.ayuntamientodeharia.com\/haria\/cena-en-el-centro-democratico-de-maguez\/","title":{"rendered":"Cena en el Centro Democr\u00e1tico de M\u00e1guez"},"content":{"rendered":"<p>El Centro Democr\u00e1tico de M\u00e1guez invita a todos sus socios a la cena que se celebrar\u00e1 este s\u00e1bado, 8 de noviembre, a las 20:30 horas, y donde se reconocer\u00e1 la labor de D. Urbano Hern\u00e1ndez Camacho.<\/p>\n<p><!--more--><\/p>\n<p>&nbsp;<\/p>\n<p>Asimismo, se informa de que el domingo, a partir de las 17:00 horas, se desarrollar\u00e1 la tarde joven, con talleres y juegos infantiles. A las 18:00 horas se celebrar\u00e1 un bingo sorpresa para todos sus asociados.<\/p>\n","protected":false},"excerpt":{"rendered":"<p>El Centro Democr\u00e1tico de M\u00e1guez invita a todos sus socios a la cena que se celebrar\u00e1 este s\u00e1bado, 8 de noviembre, a las 20:30 horas, y donde se reconocer\u00e1 la labor de D. Urbano Hern\u00e1ndez Camacho.<\/p>\n","protected":false},"author":2,"featured_media":0,"comment_status":"closed","ping_status":"closed","sticky":false,"template":"","format":"standard","meta":{"footnotes":""},"categories":[15,11],"tags":[],"class_list":["post-4769","post","type-post","status-publish","format-standard","hentry","category-festejos","category-hoja-de-haria"],"_links":{"self":[{"href":"https:\/\/www.ayuntamientodeharia.com\/haria\/wp-json\/wp\/v2\/posts\/4769","targetHints":{"allow":["GET"]}}],"collection":[{"href":"https:\/\/www.ayuntamientodeharia.com\/haria\/wp-json\/wp\/v2\/posts"}],"about":[{"href":"https:\/\/www.ayuntamientodeharia.com\/haria\/wp-json\/wp\/v2\/types\/post"}],"author":[{"embeddable":true,"href":"https:\/\/www.ayuntamientodeharia.com\/haria\/wp-json\/wp\/v2\/users\/2"}],"replies":[{"embeddable":true,"href":"https:\/\/www.ayuntamientodeharia.com\/haria\/wp-json\/wp\/v2\/comments?post=4769"}],"version-history":[{"count":0,"href":"https:\/\/www.ayuntamientodeharia.com\/haria\/wp-json\/wp\/v2\/posts\/4769\/revisions"}],"wp:attachment":[{"href":"https:\/\/www.ayuntamientodeharia.com\/haria\/wp-json\/wp\/v2\/media?parent=4769"}],"wp:term":[{"taxonomy":"category","embeddable":true,"href":"https:\/\/www.ayuntamientodeharia.com\/haria\/wp-json\/wp\/v2\/categories?post=4769"},{"taxonomy":"post_tag","embeddable":true,"href":"https:\/\/www.ayuntamientodeharia.com\/haria\/wp-json\/wp\/v2\/tags?post=4769"}],"curies":[{"name":"wp","href":"https:\/\/api.w.org\/{rel}","templated":true}]}}