{"id":4767,"date":"2016-04-15T12:06:57","date_gmt":"2016-04-15T12:06:57","guid":{"rendered":"http:\/\/www.ayuntamientodeharia.com\/haria\/?p=4767"},"modified":"2016-04-15T12:06:57","modified_gmt":"2016-04-15T12:06:57","slug":"a-quien-pertenece-la-cueva-de-los-verdes-en-espera-de-la-resolucion-11","status":"publish","type":"post","link":"https:\/\/www.ayuntamientodeharia.com\/haria\/a-quien-pertenece-la-cueva-de-los-verdes-en-espera-de-la-resolucion-11\/","title":{"rendered":"\u00bfA qui\u00e9n pertenece la Cueva de Los Verdes? En espera de la resoluci\u00f3n"},"content":{"rendered":"<p><strong>Cap\u00edtulo I<\/strong><\/p>\n<p><em><strong> Por Jes\u00fas Perdomo Ram\u00edrez<\/strong><\/em><\/p>\n<p>Me resulta dif\u00edcil conciliar el sue\u00f1o despu\u00e9s de haber o\u00eddo decir tantas barbaridades sobre la Cueva de Los Verdes y los Jameos del Agua. Llevamos muchos a\u00f1os buscando una soluci\u00f3n al conflicto que se ha generado a lo largo de medio siglo entre la Instituci\u00f3n P\u00fablica de Har\u00eda y el Cabildo de Lanzarote.<\/p>\n<p><!--more--><\/p>\n<p>&nbsp;<\/p>\n<p>Ning\u00fan representante del Cabildo ha querido escuchar el mensaje que, a lo largo del conflicto, la Corporaci\u00f3n Local de Har\u00eda ha querido reflejar en un acuerdo beneficioso para el Consistorio norte\u00f1o, vi\u00e9ndose obligado este \u00faltimo a recurrir a la justicia para que el Cabildo de Lanzarote ceda ante la solicitud del Ayuntamiento para tomar el control de la Cueva de Los Verdes.<\/p>\n<p>&nbsp;<\/p>\n<p>En estos momentos las partes implicadas en este conflicto no dan la noticia, pero suena la m\u00fasica muy baja para la Instituci\u00f3n insular. De ser as\u00ed, los habitantes del municipio de Har\u00eda se llenar\u00e1n de alegr\u00eda.<\/p>\n<p>&nbsp;<\/p>\n<p>El Ayuntamiento de Har\u00eda cede en 1963 la explotaci\u00f3n de la Cueva de Los Verdes y de los Jameos del Agua a la m\u00e1xima instituci\u00f3n insular. En el acuerdo suscrito entre ambas corporaciones qued\u00f3 establecido que el Cabildo administrar\u00e1 el uso y disfrute de los terrenos, propiedad del Ayuntamiento de Har\u00eda y, como contraprestaci\u00f3n, este recibir\u00e1 el 5% de la recaudaci\u00f3n obtenida con la venta de las entradas, a la vez que los puestos de trabajo que se generar\u00e1n en dichos Centros ser\u00e1n cubiertos por los vecinos del municipio..<\/p>\n","protected":false},"excerpt":{"rendered":"<p>Cap\u00edtulo I Por Jes\u00fas Perdomo Ram\u00edrez Me resulta dif\u00edcil conciliar el sue\u00f1o despu\u00e9s de haber o\u00eddo decir tantas barbaridades sobre la Cueva de Los Verdes y los Jameos del Agua. Llevamos muchos a\u00f1os buscando una soluci\u00f3n al conflicto que se ha generado a lo largo de medio siglo entre la Instituci\u00f3n P\u00fablica de Har\u00eda y [&hellip;]<\/p>\n","protected":false},"author":2,"featured_media":0,"comment_status":"closed","ping_status":"closed","sticky":false,"template":"","format":"standard","meta":{"footnotes":""},"categories":[11],"tags":[],"class_list":["post-4767","post","type-post","status-publish","format-standard","hentry","category-hoja-de-haria"],"_links":{"self":[{"href":"https:\/\/www.ayuntamientodeharia.com\/haria\/wp-json\/wp\/v2\/posts\/4767","targetHints":{"allow":["GET"]}}],"collection":[{"href":"https:\/\/www.ayuntamientodeharia.com\/haria\/wp-json\/wp\/v2\/posts"}],"about":[{"href":"https:\/\/www.ayuntamientodeharia.com\/haria\/wp-json\/wp\/v2\/types\/post"}],"author":[{"embeddable":true,"href":"https:\/\/www.ayuntamientodeharia.com\/haria\/wp-json\/wp\/v2\/users\/2"}],"replies":[{"embeddable":true,"href":"https:\/\/www.ayuntamientodeharia.com\/haria\/wp-json\/wp\/v2\/comments?post=4767"}],"version-history":[{"count":0,"href":"https:\/\/www.ayuntamientodeharia.com\/haria\/wp-json\/wp\/v2\/posts\/4767\/revisions"}],"wp:attachment":[{"href":"https:\/\/www.ayuntamientodeharia.com\/haria\/wp-json\/wp\/v2\/media?parent=4767"}],"wp:term":[{"taxonomy":"category","embeddable":true,"href":"https:\/\/www.ayuntamientodeharia.com\/haria\/wp-json\/wp\/v2\/categories?post=4767"},{"taxonomy":"post_tag","embeddable":true,"href":"https:\/\/www.ayuntamientodeharia.com\/haria\/wp-json\/wp\/v2\/tags?post=4767"}],"curies":[{"name":"wp","href":"https:\/\/api.w.org\/{rel}","templated":true}]}}