{"id":4765,"date":"2016-04-15T12:04:30","date_gmt":"2016-04-15T12:04:30","guid":{"rendered":"http:\/\/www.ayuntamientodeharia.com\/haria\/?p=4765"},"modified":"2016-04-15T12:04:30","modified_gmt":"2016-04-15T12:04:30","slug":"el-mirador-de-guatifay-8","status":"publish","type":"post","link":"https:\/\/www.ayuntamientodeharia.com\/haria\/el-mirador-de-guatifay-8\/","title":{"rendered":"El Mirador de Guatifay"},"content":{"rendered":"<p><a style=\"font-weight: inherit; font-style: inherit; color: #1b8be0;\" href=\"http:\/\/www.ayuntamientodeharia.com\/haria\/wp-content\/uploads\/2016\/01\/gregorio.jpg\"><img decoding=\"async\" class=\"alignleft  wp-image-3454\" style=\"font-weight: inherit; font-style: inherit; color: inherit;\" src=\"http:\/\/www.ayuntamientodeharia.com\/haria\/wp-content\/uploads\/2016\/01\/gregorio-246x300.jpg\" alt=\"gregorio\" width=\"114\" height=\"138\" srcset=\"https:\/\/www.ayuntamientodeharia.com\/haria\/wp-content\/uploads\/2016\/01\/gregorio-246x300.jpg 246w, https:\/\/www.ayuntamientodeharia.com\/haria\/wp-content\/uploads\/2016\/01\/gregorio.jpg 249w\" sizes=\"(max-width: 114px) 100vw, 114px\" \/><\/a><\/p>\n<p><strong style=\"font-weight: bold; font-style: inherit; color: inherit;\">Por Gregorio Barreto Vi\u00f1oly<\/strong><\/p>\n<p>&nbsp;<\/p>\n<p>&nbsp;<\/p>\n<h6 style=\"font-weight: inherit;\"><strong>Del poblamiento del municipio de Har\u00eda y sus entornos\u00a0<\/strong><\/h6>\n<p>El municipio de Har\u00eda consta actualmente de diez entidades de poblaci\u00f3n, con sus n\u00facleos y poblaciones diseminadas, los cuales se hallan integrados en el nomencl\u00e1tor del Ayuntamiento de Har\u00eda, siendo estos los siguientes:<\/p>\n<p><!--more--><\/p>\n<p>&nbsp;<\/p>\n<p>\u2022 Har\u00eda, que es la capital del municipio.<\/p>\n<p>&nbsp;<\/p>\n<p>\u2022 M\u00e1guez, uno de los pueblos m\u00e1s antiguos de que consta el municipio de Har\u00eda, hall\u00e1ndose relacionado en la antig\u00fcedad con la palabra Magua.<\/p>\n<p>&nbsp;<\/p>\n<p>\u2022 Mala es tambi\u00e9n uno de los pueblos m\u00e1s antiguos del municipio, hall\u00e1ndose relacionado con el antiguo nombre de Teneg\u00fcime, en cuanto a asentamiento antiguo.<\/p>\n<p>&nbsp;<\/p>\n<p>\u2022 \u00d3rzola, que es un pueblo bastante antiguo, donde hubo muchos cortijos.<\/p>\n<p>&nbsp;<\/p>\n<p>\u2022 Tabayesco es origen de un antiguo asentamiento, que domina el bonito Valle de Temisa, al Poniente, con una vista extraordinaria.<\/p>\n<p>&nbsp;<\/p>\n<p>\u2022 Ye es un pueblo relativamente nuevo, que comenz\u00f3 con unos buenos cortijos y hermosos terrenos, con dos vegas muy f\u00e9rtiles, que han dado unos grandes productos.<\/p>\n<p>&nbsp;<\/p>\n<p>\u2022 Guinate es un pueblo de bastante actividad agr\u00edcola y pastoril, adem\u00e1s de risquera, teniendo mucha relaci\u00f3n con el pueblo de M\u00e1guez.<\/p>\n<p>&nbsp;<\/p>\n<p>\u2022 Arrieta es un pueblo costero que siempre ha estado ligado a la pesca y al asentamiento de algunos pescadores, teniendo adem\u00e1s algunos cortijos, llevando un nombre derivado del conquistador Don Juan Arrieta Perdomo.<\/p>\n<p>&nbsp;<\/p>\n<p>\u2022 Punta Mujeres es un pueblo no muy viejo, ya que a principios del siglo XX hab\u00eda muy poquitas casas, o mejor chozas de pescadores, que luego fue evolucionando con el avance social, seguido del turismo, si bien el nombre es muy viejo como paraje.<\/p>\n<p>&nbsp;<\/p>\n<p>\u2022 Charco del Palo es el pueblo m\u00e1s nuevo del municipio de Har\u00eda, el cual fue creado en 1991, desgajado del territorio de Mala, protegido por iniciativa alemana.<\/p>\n<p>&nbsp;<\/p>\n<p>Pero aparte de los pueblos reconocidos como tales, tambi\u00e9n hubo en la antig\u00fcedad lugares diseminados donde se asentaban especialmente los medianeros que llevaban los cortijos de las zonas.<\/p>\n<p>&nbsp;<\/p>\n<p>De entre los asentamientos en diseminado, podemos destacar a uno que fue muy importante en los \u00faltimos tiempos, como es el caso de La Monta\u00f1a, donde hubo muchos medianeros de gentes de Har\u00eda y de Los Valles, donde viv\u00edan de forma fija o habitual.<\/p>\n<p>&nbsp;<\/p>\n<p>Tambi\u00e9n hubo bastantes medianeros en el pueblo de \u00d3rzala, que igualmente se situaron con viviendas habituales que fueron su morada muchos a\u00f1os, pero tambi\u00e9n hubo otros lugares o asentamientos en sitios denominados como El Canto, cercano a Arrieta, donde vivieron varias familias y algunas bastante largas en sus miembros.<\/p>\n<p>&nbsp;<\/p>\n<p>Otro asentamiento importante fue el denominado La Bre\u00f1a, cercano a \u00d3rzola, donde se asentaron y vivieron muchos a\u00f1os algunas familias, y tambi\u00e9n otros en Las Quemadas, en Trujillo, y algunos pocos en el Valle de Temisa. Pero tambi\u00e9n se asentaron varias familias en el paraje de Las Cuevas, en especial pertenecientes a los apellidos Perdomo y Luzardo, relacionados con el pueblo de M\u00e1- guez, y Pe\u00f1a Redonda.<\/p>\n","protected":false},"excerpt":{"rendered":"<p>Por Gregorio Barreto Vi\u00f1oly &nbsp; &nbsp; Del poblamiento del municipio de Har\u00eda y sus entornos\u00a0 El municipio de Har\u00eda consta actualmente de diez entidades de poblaci\u00f3n, con sus n\u00facleos y poblaciones diseminadas, los cuales se hallan integrados en el nomencl\u00e1tor del Ayuntamiento de Har\u00eda, siendo estos los siguientes:<\/p>\n","protected":false},"author":2,"featured_media":0,"comment_status":"closed","ping_status":"closed","sticky":false,"template":"","format":"standard","meta":{"footnotes":""},"categories":[118,11],"tags":[],"class_list":["post-4765","post","type-post","status-publish","format-standard","hentry","category-el-mirador-de-guatifay","category-hoja-de-haria"],"_links":{"self":[{"href":"https:\/\/www.ayuntamientodeharia.com\/haria\/wp-json\/wp\/v2\/posts\/4765","targetHints":{"allow":["GET"]}}],"collection":[{"href":"https:\/\/www.ayuntamientodeharia.com\/haria\/wp-json\/wp\/v2\/posts"}],"about":[{"href":"https:\/\/www.ayuntamientodeharia.com\/haria\/wp-json\/wp\/v2\/types\/post"}],"author":[{"embeddable":true,"href":"https:\/\/www.ayuntamientodeharia.com\/haria\/wp-json\/wp\/v2\/users\/2"}],"replies":[{"embeddable":true,"href":"https:\/\/www.ayuntamientodeharia.com\/haria\/wp-json\/wp\/v2\/comments?post=4765"}],"version-history":[{"count":0,"href":"https:\/\/www.ayuntamientodeharia.com\/haria\/wp-json\/wp\/v2\/posts\/4765\/revisions"}],"wp:attachment":[{"href":"https:\/\/www.ayuntamientodeharia.com\/haria\/wp-json\/wp\/v2\/media?parent=4765"}],"wp:term":[{"taxonomy":"category","embeddable":true,"href":"https:\/\/www.ayuntamientodeharia.com\/haria\/wp-json\/wp\/v2\/categories?post=4765"},{"taxonomy":"post_tag","embeddable":true,"href":"https:\/\/www.ayuntamientodeharia.com\/haria\/wp-json\/wp\/v2\/tags?post=4765"}],"curies":[{"name":"wp","href":"https:\/\/api.w.org\/{rel}","templated":true}]}}