{"id":4756,"date":"2016-04-15T10:37:02","date_gmt":"2016-04-15T10:37:02","guid":{"rendered":"http:\/\/www.ayuntamientodeharia.com\/haria\/?p=4756"},"modified":"2016-04-15T10:37:02","modified_gmt":"2016-04-15T10:37:02","slug":"alumnos-del-colegio-de-haria-conocen-de-primera-mano-el-proyecto-para-la-recuperacion-de-las-talegas","status":"publish","type":"post","link":"https:\/\/www.ayuntamientodeharia.com\/haria\/alumnos-del-colegio-de-haria-conocen-de-primera-mano-el-proyecto-para-la-recuperacion-de-las-talegas\/","title":{"rendered":"Alumnos del Colegio de Har\u00eda conocen de primera mano el proyecto para la recuperaci\u00f3n de las talegas"},"content":{"rendered":"<p><a href=\"http:\/\/www.ayuntamientodeharia.com\/haria\/wp-content\/uploads\/2016\/04\/colegio-arrieta.jpg\"><img decoding=\"async\" class=\"alignleft  wp-image-4733\" src=\"http:\/\/www.ayuntamientodeharia.com\/haria\/wp-content\/uploads\/2016\/04\/colegio-arrieta-300x167.jpg\" alt=\"colegio arrieta\" width=\"234\" height=\"134\" \/><\/a>Alumnos de Infantil y Primaria del CEIP San Juan de Har\u00eda disfrutaron este jueves de la charla titulada \u2018Talegas. Recuperaci\u00f3n de una tradici\u00f3n\u2019, a cargo de la impulsora del proyecto, la soci\u00f3loga Carmen Morales, quien estuvo acompa\u00f1ada por el teniente de alcalde y concejal de Educaci\u00f3n del Ayuntamiento de Har\u00eda, Jacobo Betancor.<\/p>\n<p><!--more--><\/p>\n<p>&nbsp;<\/p>\n<p>El objetivo de estos encuentros, que se realizar\u00e1n tambi\u00e9n en los centros de Arrieta y Mala, es concienciar a los ni\u00f1os de la necesidad de adquirir h\u00e1bitos de vida saludables, en perfecta armon\u00eda con el medio ambiente, e ir reduciendo poco a poco el consumo de bolsas de pl\u00e1stico. Para ello se entrega a cada uno de los asistentes una taleguita para que lleven su desayuno diariamente.<\/p>\n<p>&nbsp;<\/p>\n<p>El proyecto \u2018Talega\u2019 est\u00e1 coordinado por el Ayuntamiento de Har\u00eda, a trav\u00e9s de la Concejal\u00eda de Medio Ambiente, que coordina Rosa Mar\u00eda P\u00e9rez, con el objetivo de ir sustituyendo gradualmente las bolsas de pl\u00e1stico derivadas del petr\u00f3leo, que pueden tardar en degradarse m\u00e1s de medio siglo y atentan gravemente contra el medio que nos rodea.<\/p>\n<p>&nbsp;<\/p>\n<p>Para ello, se pretende recuperar el uso de la talega, una bolsa realizada en tela o lana para guardar y transportar objetos o alimentos, cuyo tama\u00f1o variaba dependiendo de la utilidad y del trozo de retal disponible para su confecci\u00f3n.<\/p>\n<p>&nbsp;<\/p>\n<p>Hasta la d\u00e9cada de los 70, su uso era generalizado entre los habitantes del municipio, formando parte de su historia y cultura tradicional.<\/p>\n<p>&nbsp;<\/p>\n<p><a href=\"http:\/\/www.ayuntamientodeharia.com\/haria\/wp-content\/uploads\/2016\/04\/colegio-arrieta-2.jpg\"><img decoding=\"async\" class=\"aligncenter  wp-image-4732\" src=\"http:\/\/www.ayuntamientodeharia.com\/haria\/wp-content\/uploads\/2016\/04\/colegio-arrieta-2-300x180.jpg\" alt=\"colegio arrieta 2\" width=\"232\" height=\"143\" \/><\/a><\/p>\n","protected":false},"excerpt":{"rendered":"<p>Alumnos de Infantil y Primaria del CEIP San Juan de Har\u00eda disfrutaron este jueves de la charla titulada \u2018Talegas. Recuperaci\u00f3n de una tradici\u00f3n\u2019, a cargo de la impulsora del proyecto, la soci\u00f3loga Carmen Morales, quien estuvo acompa\u00f1ada por el teniente de alcalde y concejal de Educaci\u00f3n del Ayuntamiento de Har\u00eda, Jacobo Betancor.<\/p>\n","protected":false},"author":2,"featured_media":0,"comment_status":"closed","ping_status":"closed","sticky":false,"template":"","format":"standard","meta":{"footnotes":""},"categories":[11,81],"tags":[],"class_list":["post-4756","post","type-post","status-publish","format-standard","hentry","category-hoja-de-haria","category-municipio"],"_links":{"self":[{"href":"https:\/\/www.ayuntamientodeharia.com\/haria\/wp-json\/wp\/v2\/posts\/4756","targetHints":{"allow":["GET"]}}],"collection":[{"href":"https:\/\/www.ayuntamientodeharia.com\/haria\/wp-json\/wp\/v2\/posts"}],"about":[{"href":"https:\/\/www.ayuntamientodeharia.com\/haria\/wp-json\/wp\/v2\/types\/post"}],"author":[{"embeddable":true,"href":"https:\/\/www.ayuntamientodeharia.com\/haria\/wp-json\/wp\/v2\/users\/2"}],"replies":[{"embeddable":true,"href":"https:\/\/www.ayuntamientodeharia.com\/haria\/wp-json\/wp\/v2\/comments?post=4756"}],"version-history":[{"count":0,"href":"https:\/\/www.ayuntamientodeharia.com\/haria\/wp-json\/wp\/v2\/posts\/4756\/revisions"}],"wp:attachment":[{"href":"https:\/\/www.ayuntamientodeharia.com\/haria\/wp-json\/wp\/v2\/media?parent=4756"}],"wp:term":[{"taxonomy":"category","embeddable":true,"href":"https:\/\/www.ayuntamientodeharia.com\/haria\/wp-json\/wp\/v2\/categories?post=4756"},{"taxonomy":"post_tag","embeddable":true,"href":"https:\/\/www.ayuntamientodeharia.com\/haria\/wp-json\/wp\/v2\/tags?post=4756"}],"curies":[{"name":"wp","href":"https:\/\/api.w.org\/{rel}","templated":true}]}}