{"id":4750,"date":"2016-04-15T10:31:07","date_gmt":"2016-04-15T10:31:07","guid":{"rendered":"http:\/\/www.ayuntamientodeharia.com\/haria\/?p=4750"},"modified":"2016-04-15T10:31:07","modified_gmt":"2016-04-15T10:31:07","slug":"la-cochinilla-trail-se-convierte-en-un-referente-de-solidaridad-y-compromiso-social","status":"publish","type":"post","link":"https:\/\/www.ayuntamientodeharia.com\/haria\/la-cochinilla-trail-se-convierte-en-un-referente-de-solidaridad-y-compromiso-social\/","title":{"rendered":"La \u2018Cochinilla Trail\u2019 se convierte en un referente de solidaridad y compromiso social"},"content":{"rendered":"<p><a href=\"http:\/\/www.ayuntamientodeharia.com\/haria\/wp-content\/uploads\/2016\/04\/cochinilla-trail.jpg\"><img decoding=\"async\" class=\"alignleft  wp-image-4731\" src=\"http:\/\/www.ayuntamientodeharia.com\/haria\/wp-content\/uploads\/2016\/04\/cochinilla-trail-300x215.jpg\" alt=\"cochinilla trail\" width=\"235\" height=\"171\" \/><\/a>Este a\u00f1o, la carrera solidaria \u2018Cochinilla Trail\u2019, que se desarrollar\u00e1 el domingo, 23 de noviembre, en el Charco del Palo, ha desbordado las previsiones de los organizadores al haberse cubierto, hace varias semanas, las 500 plazas previstas.<\/p>\n<p><!--more--><\/p>\n<p>&nbsp;<\/p>\n<p>Las personas que quieran colaborar en esta iniciativa solidaria pueden hacerlo de varias formas:<\/p>\n<p>&nbsp;<\/p>\n<p>\u2022 Entregando alimentos no perecederos los d\u00edas de las retiradas de dorsales, esto es el jueves, de 18:00 a 21:00 horas; el viernes, de 17:00 a 21:00 horas; y el s\u00e1bado, de 10:00 a 18:00 horas, en la Sociedad Renacimiento de Mala.<\/p>\n<p>&nbsp;<\/p>\n<p>\u2022 Apoyando y acompa\u00f1ando en su recorrido a Mat\u00edas Mach\u00edn en su desaf\u00edo \u201924 Horas Non-Stop\u2019. Para lograr dicho objetivo cuenta con un grupo multidisciplinar de apoyo formado por ocho personas, denominado \u2018Tortugas al Galope\u2019. Las personas que lo deseen pueden unirse al grupo en cualquier punto del recorrido. El objetivo principal de este reto es la b\u00fasqueda de financiaci\u00f3n para la ONG Tinguafaya, asociaci\u00f3n que trata de dar respuesta a las necesidades planteadas en las familias con hijos que presentan alguna discapacidad. Para ello, se pondr\u00e1n a la venta camisetas conmemorativas de este evento, que podr\u00e1n ser adquiridas en los diferentes stands<\/p>\n<p>&nbsp;<\/p>\n<p>\u2022 Por otro lado, \u2018Tortugas al Galope\u2019 recoger\u00e1 tapones de pl\u00e1stico en las carpas habilitadas a tal efecto con el objetivo de obtener financiaci\u00f3n para la asociaci\u00f3n Iraitza de ayuda a las personas con capacidad. Tambi\u00e9n se podr\u00e1n realizar aportaciones en met\u00e1lico a cualquiera de las dos asociaciones.<\/p>\n<p>&nbsp;<\/p>\n<p>\u2022 Aportando una cantidad de dinero en el tercer desaf\u00edo que realizar\u00e1n la Polic\u00eda Local de Har\u00eda y agentes de la Guardia Civil. El dinero obtenido se destinar\u00e1 a diferentes asociaciones de animales.<\/p>\n","protected":false},"excerpt":{"rendered":"<p>Este a\u00f1o, la carrera solidaria \u2018Cochinilla Trail\u2019, que se desarrollar\u00e1 el domingo, 23 de noviembre, en el Charco del Palo, ha desbordado las previsiones de los organizadores al haberse cubierto, hace varias semanas, las 500 plazas previstas.<\/p>\n","protected":false},"author":2,"featured_media":0,"comment_status":"closed","ping_status":"closed","sticky":false,"template":"","format":"standard","meta":{"footnotes":""},"categories":[17,11],"tags":[],"class_list":["post-4750","post","type-post","status-publish","format-standard","hentry","category-deportes","category-hoja-de-haria"],"_links":{"self":[{"href":"https:\/\/www.ayuntamientodeharia.com\/haria\/wp-json\/wp\/v2\/posts\/4750","targetHints":{"allow":["GET"]}}],"collection":[{"href":"https:\/\/www.ayuntamientodeharia.com\/haria\/wp-json\/wp\/v2\/posts"}],"about":[{"href":"https:\/\/www.ayuntamientodeharia.com\/haria\/wp-json\/wp\/v2\/types\/post"}],"author":[{"embeddable":true,"href":"https:\/\/www.ayuntamientodeharia.com\/haria\/wp-json\/wp\/v2\/users\/2"}],"replies":[{"embeddable":true,"href":"https:\/\/www.ayuntamientodeharia.com\/haria\/wp-json\/wp\/v2\/comments?post=4750"}],"version-history":[{"count":0,"href":"https:\/\/www.ayuntamientodeharia.com\/haria\/wp-json\/wp\/v2\/posts\/4750\/revisions"}],"wp:attachment":[{"href":"https:\/\/www.ayuntamientodeharia.com\/haria\/wp-json\/wp\/v2\/media?parent=4750"}],"wp:term":[{"taxonomy":"category","embeddable":true,"href":"https:\/\/www.ayuntamientodeharia.com\/haria\/wp-json\/wp\/v2\/categories?post=4750"},{"taxonomy":"post_tag","embeddable":true,"href":"https:\/\/www.ayuntamientodeharia.com\/haria\/wp-json\/wp\/v2\/tags?post=4750"}],"curies":[{"name":"wp","href":"https:\/\/api.w.org\/{rel}","templated":true}]}}