{"id":4742,"date":"2016-04-15T09:40:03","date_gmt":"2016-04-15T09:40:03","guid":{"rendered":"http:\/\/www.ayuntamientodeharia.com\/haria\/?p=4742"},"modified":"2016-04-15T09:40:03","modified_gmt":"2016-04-15T09:40:03","slug":"fiestas-de-san-francisco-javier-de-ye-3","status":"publish","type":"post","link":"https:\/\/www.ayuntamientodeharia.com\/haria\/fiestas-de-san-francisco-javier-de-ye-3\/","title":{"rendered":"Fiestas de San Francisco Javier de Ye"},"content":{"rendered":"<p><strong>Viernes, 14 de noviembre<\/strong><\/p>\n<p>&nbsp;<\/p>\n<p>Engalanamiento del pueblo.<\/p>\n<p>&nbsp;<\/p>\n<p><em>19:00 h<\/em>.- Inscripci\u00f3n en el Concurso de trajes antiguos de bautizos, comuniones y bodas entre los a\u00f1os 50-90.<\/p>\n<p><!--more--><\/p>\n<p>&nbsp;<\/p>\n<p><em>20:00 h<\/em>.- Sorteo y comienzo del Campeonato de envite.<\/p>\n<p>&nbsp;<\/p>\n<p><em>21:00 h.<\/em>&#8211; Preg\u00f3n de las Fiestas a cargo de Antonia Irene Perdomo Hern\u00e1ndez.<\/p>\n<p>&nbsp;<\/p>\n<p><em>21:30 h<\/em>.- Tenderete canario amenizado por las parrandas Malpa\u00eds de la Corona y Pal Porr\u00f3n.<\/p>\n<p>&nbsp;<\/p>\n<p><strong>S\u00e1bado, 15 de noviembre <\/strong><\/p>\n<p>&nbsp;<\/p>\n<p><em>12:00 h<\/em>.- Manualidades para los ni\u00f1os. Traer vasitos de yogurt de beber vac\u00edos.<\/p>\n<p>&nbsp;<\/p>\n<p><em>17:00 h.<\/em>&#8211; Sorteo y comienzo del Campeonato masculino de bolas libre.<\/p>\n<p>&nbsp;<\/p>\n<p><em>18:00 h<\/em>.- Sorteo y comienzo del Campeonato de ronda mixta. 21:00 h.- Play back infantil a cargo de ni\u00f1os del pueblo.<\/p>\n<p>&nbsp;<\/p>\n<p><strong>Domingo, 16 de noviembre <\/strong><\/p>\n<p>&nbsp;<\/p>\n<p><em>11:00 h<\/em>.- Sorteo y comienzo del Campeonato femenino de bolas libre.<\/p>\n<p>&nbsp;<\/p>\n<p><em>11:15 h<\/em>.- Master class de zumba y baile.<\/p>\n<p>&nbsp;<\/p>\n<p><em>12:00 h.<\/em>&#8211; \u2018Tapeando\u2019 desde 1 euro.<\/p>\n<p>&nbsp;<\/p>\n<p><em>13:00 h<\/em>.- Actuaci\u00f3n de Los Lola.<\/p>\n<p>&nbsp;<\/p>\n<p><em>16:00 h<\/em>.- Pasacalles acompa\u00f1ados de la comparsa Los Cumbacheros. A continuaci\u00f3n gran fiesta infantil con animaci\u00f3n, merienda para los ni\u00f1os y chocolatada para todos.<\/p>\n<p>&nbsp;<\/p>\n<p><em>16:30 h<\/em>.- Sorteo y comienzo del Campeonato de domin\u00f3.<\/p>\n<p>&nbsp;<\/p>\n<p><strong>Viernes, 21 de noviembre<\/strong><\/p>\n<p>&nbsp;<\/p>\n<p>Comienzo de la recogida de los trajes antiguos.<\/p>\n<p>&nbsp;<\/p>\n<p><em>18:00 h.<\/em>&#8211; Sorteo y comienzo del Campeonato de chinch\u00f3n femenino.<\/p>\n<p>&nbsp;<\/p>\n<p><em>20:00 h.<\/em>&#8211; Sorteo y comienzo del Campeonato de truco.<\/p>\n<p>&nbsp;<\/p>\n<p><em>21:30 h<\/em>.- Concurso de \u2018Tu Media Naranja\u2019.<\/p>\n<p>&nbsp;<\/p>\n<p><em>23:00 h<\/em>.- Fiesta de la s\u00e1bana (premio a la s\u00e1bana m\u00e1s original) con DJ.<\/p>\n<p>&nbsp;<\/p>\n<p><strong>S\u00e1bado, 22 de noviembre <\/strong><\/p>\n<p>&nbsp;<\/p>\n<p><em>10:30 h.-<\/em> Campeonato de f\u00fatbol sala 3&#215;3 para todas las edades en la cancha de Ye.<\/p>\n<p>&nbsp;<\/p>\n<p><em>16:00 h<\/em>.- XVI Romer\u00eda en honor a San Francisco Javier y Quema del Coronero. A continuaci\u00f3n, Baile de Romero amenizado por las parrandas Pal Porr\u00f3n, Los Salineros de la Hoya y Ra\u00edces. Se premiar\u00e1 a la romera y romero infantil.<\/p>\n<p>&nbsp;<\/p>\n<p><em> 23:00 h<\/em>.- Baile con Los Conejeros.<\/p>\n<p>&nbsp;<\/p>\n<p><strong>Domingo, 23 de noviembre <\/strong><\/p>\n<p>&nbsp;<\/p>\n<p><em>12:00 h<\/em>.- \u2018Carcosa Ye\u2019: pruebas f\u00edsicas para todo tipo de cuerpos. \u00a1An\u00edmate, lo pasaremos en grande! A partir de 18 a\u00f1os. Adem\u00e1s tendremos una ma\u00f1ana animada con m\u00fasica y colchonetas para los ni\u00f1os.<\/p>\n<p>&nbsp;<\/p>\n<p><em>18:00 h<\/em>.- Bingo sorpresa para mayores de 18 a\u00f1os.<\/p>\n<p>&nbsp;<\/p>\n<p><strong> Viernes, 28 de noviembre<\/strong><\/p>\n<p>&nbsp;<\/p>\n<p>Exposici\u00f3n de los trajes antiguos.<\/p>\n<p>&nbsp;<\/p>\n<p><em>18:00 h<\/em>.- Sorteo y comienzo del Campeonato femenino de cinquillo.<\/p>\n<p>&nbsp;<\/p>\n<p><em> 21:30 h<\/em>.- Elecci\u00f3n de Miss y Mister Ye a cargo de los ni\u00f1os del pueblo.<\/p>\n<p>&nbsp;<\/p>\n<p><em>23:30 h.-<\/em> Baile con G\u00fcira Latina.<\/p>\n<p>&nbsp;<\/p>\n<p><strong>S\u00e1bado, 29 de noviembre <\/strong><\/p>\n<p>&nbsp;<\/p>\n<p><em>12:00 h.<\/em>&#8211; Taller de barro para los ni\u00f1os.<\/p>\n<p>&nbsp;<\/p>\n<p><em>16:30 h.<\/em>&#8211; Final de los distintos campeonatos.<\/p>\n<p>&nbsp;<\/p>\n<p><em> 17:00 h.<\/em>&#8211; Catas de vinos, concurso de reposter\u00eda y canap\u00e9s y pellas de Gofio<\/p>\n<p>&nbsp;<\/p>\n<p><em>21:00 h<\/em>.- Representaci\u00f3n de la obra del grupo de teatro Ra\u00edces y Ramas con el tema \u2018Qu\u00e9 elecci\u00f3n nos han dado\u2019.<\/p>\n<p>&nbsp;<\/p>\n<p><em>23:00 h.<\/em>&#8211; Gran Baile amenizado por el grupo musical Los Conejeros y G\u00fcira Latina.<\/p>\n","protected":false},"excerpt":{"rendered":"<p>Viernes, 14 de noviembre &nbsp; Engalanamiento del pueblo. &nbsp; 19:00 h.- Inscripci\u00f3n en el Concurso de trajes antiguos de bautizos, comuniones y bodas entre los a\u00f1os 50-90.<\/p>\n","protected":false},"author":2,"featured_media":0,"comment_status":"closed","ping_status":"closed","sticky":false,"template":"","format":"standard","meta":{"footnotes":""},"categories":[15,11],"tags":[],"class_list":["post-4742","post","type-post","status-publish","format-standard","hentry","category-festejos","category-hoja-de-haria"],"_links":{"self":[{"href":"https:\/\/www.ayuntamientodeharia.com\/haria\/wp-json\/wp\/v2\/posts\/4742","targetHints":{"allow":["GET"]}}],"collection":[{"href":"https:\/\/www.ayuntamientodeharia.com\/haria\/wp-json\/wp\/v2\/posts"}],"about":[{"href":"https:\/\/www.ayuntamientodeharia.com\/haria\/wp-json\/wp\/v2\/types\/post"}],"author":[{"embeddable":true,"href":"https:\/\/www.ayuntamientodeharia.com\/haria\/wp-json\/wp\/v2\/users\/2"}],"replies":[{"embeddable":true,"href":"https:\/\/www.ayuntamientodeharia.com\/haria\/wp-json\/wp\/v2\/comments?post=4742"}],"version-history":[{"count":0,"href":"https:\/\/www.ayuntamientodeharia.com\/haria\/wp-json\/wp\/v2\/posts\/4742\/revisions"}],"wp:attachment":[{"href":"https:\/\/www.ayuntamientodeharia.com\/haria\/wp-json\/wp\/v2\/media?parent=4742"}],"wp:term":[{"taxonomy":"category","embeddable":true,"href":"https:\/\/www.ayuntamientodeharia.com\/haria\/wp-json\/wp\/v2\/categories?post=4742"},{"taxonomy":"post_tag","embeddable":true,"href":"https:\/\/www.ayuntamientodeharia.com\/haria\/wp-json\/wp\/v2\/tags?post=4742"}],"curies":[{"name":"wp","href":"https:\/\/api.w.org\/{rel}","templated":true}]}}