{"id":4740,"date":"2016-04-15T09:34:44","date_gmt":"2016-04-15T09:34:44","guid":{"rendered":"http:\/\/www.ayuntamientodeharia.com\/haria\/?p=4740"},"modified":"2016-04-15T09:34:44","modified_gmt":"2016-04-15T09:34:44","slug":"a-quien-pertenece-la-cueva-de-los-verdes-en-espera-de-la-resolucion-10","status":"publish","type":"post","link":"https:\/\/www.ayuntamientodeharia.com\/haria\/a-quien-pertenece-la-cueva-de-los-verdes-en-espera-de-la-resolucion-10\/","title":{"rendered":"\u00bfA qui\u00e9n pertenece la Cueva de Los Verdes? En espera de la resoluci\u00f3n"},"content":{"rendered":"<p><strong>Cap\u00edtulo II<\/strong><\/p>\n<p><em><strong> Por Jes\u00fas Perdomo Ram\u00edrez<\/strong><\/em><\/p>\n<p>A partir de diferentes documentos nos aventuramos a hacer un peque\u00f1o recorrido por este conflicto que a d\u00eda de hoy abarca una amplia cronolog\u00eda.<\/p>\n<p><!--more--><\/p>\n<p>&nbsp;<\/p>\n<p>El Ayuntamiento de Har\u00eda lleva m\u00e1s de cincuenta a\u00f1os luchando para que se reconozcan sus derechos sobre los Centros Tur\u00edsticos ubicados en el municipio: la Cueva de Los Verdes y Jameos del Agua. Esta lucha se remonta al a\u00f1o 1963, cuando el Cabildo de Lanzarote, en el mes de diciembre, propone al Consistorio norte- \u00f1o crear un Parque Insular de Turismo en la zona del Malpa\u00eds de La Corona, donde se encuentran la Cueva de Los Verdes y Jameos del Agua, con una superficie de 376 has. y 91 as.<\/p>\n<p>&nbsp;<\/p>\n<p>Esta iniciativa fue debatida por el pleno de la Corporaci\u00f3n municipal el 29 de diciembre de 1963, acord\u00e1ndose declarar la zona propuesta con la categor\u00eda jur\u00eddica de bienes propios al haberse dejado de utilizar, como zona de aprovechamiento comunal, hac\u00eda 25 a\u00f1os. En dicho pleno tambi\u00e9n se acord\u00f3 solicitar m\u00e1s informaci\u00f3n al Cabildo para establecer \u201cunas bases que sirvan de fundamento a la efectividad del convenio que hubiere de concluirse con aquella entidad insular\u201d.<\/p>\n<p>&nbsp;<\/p>\n<p>La primera Instituci\u00f3n de la Isla remite al Ayuntamiento de Har\u00eda, en febrero de 1964, la memoria del proyecto donde se intuyen \u201cimportantes beneficios directos e indirectos para el municipio\u201d con la realizaci\u00f3n del \u201cParque Insular de Turismo\u201d.<\/p>\n","protected":false},"excerpt":{"rendered":"<p>Cap\u00edtulo II Por Jes\u00fas Perdomo Ram\u00edrez A partir de diferentes documentos nos aventuramos a hacer un peque\u00f1o recorrido por este conflicto que a d\u00eda de hoy abarca una amplia cronolog\u00eda.<\/p>\n","protected":false},"author":2,"featured_media":0,"comment_status":"closed","ping_status":"closed","sticky":false,"template":"","format":"standard","meta":{"footnotes":""},"categories":[11],"tags":[],"class_list":["post-4740","post","type-post","status-publish","format-standard","hentry","category-hoja-de-haria"],"_links":{"self":[{"href":"https:\/\/www.ayuntamientodeharia.com\/haria\/wp-json\/wp\/v2\/posts\/4740","targetHints":{"allow":["GET"]}}],"collection":[{"href":"https:\/\/www.ayuntamientodeharia.com\/haria\/wp-json\/wp\/v2\/posts"}],"about":[{"href":"https:\/\/www.ayuntamientodeharia.com\/haria\/wp-json\/wp\/v2\/types\/post"}],"author":[{"embeddable":true,"href":"https:\/\/www.ayuntamientodeharia.com\/haria\/wp-json\/wp\/v2\/users\/2"}],"replies":[{"embeddable":true,"href":"https:\/\/www.ayuntamientodeharia.com\/haria\/wp-json\/wp\/v2\/comments?post=4740"}],"version-history":[{"count":0,"href":"https:\/\/www.ayuntamientodeharia.com\/haria\/wp-json\/wp\/v2\/posts\/4740\/revisions"}],"wp:attachment":[{"href":"https:\/\/www.ayuntamientodeharia.com\/haria\/wp-json\/wp\/v2\/media?parent=4740"}],"wp:term":[{"taxonomy":"category","embeddable":true,"href":"https:\/\/www.ayuntamientodeharia.com\/haria\/wp-json\/wp\/v2\/categories?post=4740"},{"taxonomy":"post_tag","embeddable":true,"href":"https:\/\/www.ayuntamientodeharia.com\/haria\/wp-json\/wp\/v2\/tags?post=4740"}],"curies":[{"name":"wp","href":"https:\/\/api.w.org\/{rel}","templated":true}]}}