{"id":4725,"date":"2016-04-15T09:14:24","date_gmt":"2016-04-15T09:14:24","guid":{"rendered":"http:\/\/www.ayuntamientodeharia.com\/haria\/?p=4725"},"modified":"2016-04-15T09:14:24","modified_gmt":"2016-04-15T09:14:24","slug":"se-aplaza-la-cochinilla-trail-por-las-previsiones-meteorologicas","status":"publish","type":"post","link":"https:\/\/www.ayuntamientodeharia.com\/haria\/se-aplaza-la-cochinilla-trail-por-las-previsiones-meteorologicas\/","title":{"rendered":"Se aplaza la &#8216;Cochinilla Trail&#8217; por las previsiones meteorol\u00f3gicas"},"content":{"rendered":"<p>Por motivos de seguridad ante las previsiones meteorol\u00f3gicas y la alerta decretada, la organizaci\u00f3n de la prueba ha decidido aplazar la celebraci\u00f3n de la misma hasta nuevo aviso.<\/p>\n","protected":false},"excerpt":{"rendered":"<p>Por motivos de seguridad ante las previsiones meteorol\u00f3gicas y la alerta decretada, la organizaci\u00f3n de la prueba ha decidido aplazar la celebraci\u00f3n de la misma hasta nuevo aviso.<\/p>\n","protected":false},"author":2,"featured_media":0,"comment_status":"closed","ping_status":"closed","sticky":false,"template":"","format":"standard","meta":{"footnotes":""},"categories":[17,11],"tags":[],"class_list":["post-4725","post","type-post","status-publish","format-standard","hentry","category-deportes","category-hoja-de-haria"],"_links":{"self":[{"href":"https:\/\/www.ayuntamientodeharia.com\/haria\/wp-json\/wp\/v2\/posts\/4725","targetHints":{"allow":["GET"]}}],"collection":[{"href":"https:\/\/www.ayuntamientodeharia.com\/haria\/wp-json\/wp\/v2\/posts"}],"about":[{"href":"https:\/\/www.ayuntamientodeharia.com\/haria\/wp-json\/wp\/v2\/types\/post"}],"author":[{"embeddable":true,"href":"https:\/\/www.ayuntamientodeharia.com\/haria\/wp-json\/wp\/v2\/users\/2"}],"replies":[{"embeddable":true,"href":"https:\/\/www.ayuntamientodeharia.com\/haria\/wp-json\/wp\/v2\/comments?post=4725"}],"version-history":[{"count":0,"href":"https:\/\/www.ayuntamientodeharia.com\/haria\/wp-json\/wp\/v2\/posts\/4725\/revisions"}],"wp:attachment":[{"href":"https:\/\/www.ayuntamientodeharia.com\/haria\/wp-json\/wp\/v2\/media?parent=4725"}],"wp:term":[{"taxonomy":"category","embeddable":true,"href":"https:\/\/www.ayuntamientodeharia.com\/haria\/wp-json\/wp\/v2\/categories?post=4725"},{"taxonomy":"post_tag","embeddable":true,"href":"https:\/\/www.ayuntamientodeharia.com\/haria\/wp-json\/wp\/v2\/tags?post=4725"}],"curies":[{"name":"wp","href":"https:\/\/api.w.org\/{rel}","templated":true}]}}