{"id":4723,"date":"2016-04-15T09:13:37","date_gmt":"2016-04-15T09:13:37","guid":{"rendered":"http:\/\/www.ayuntamientodeharia.com\/haria\/?p=4723"},"modified":"2016-04-15T09:13:37","modified_gmt":"2016-04-15T09:13:37","slug":"se-abre-el-plazo-para-solicitar-un-puesto-en-el-rastro-joven-de-navidad-3","status":"publish","type":"post","link":"https:\/\/www.ayuntamientodeharia.com\/haria\/se-abre-el-plazo-para-solicitar-un-puesto-en-el-rastro-joven-de-navidad-3\/","title":{"rendered":"Se abre el plazo para solicitar un puesto en el Rastro Joven de Navidad"},"content":{"rendered":"<h6><a href=\"http:\/\/www.ayuntamientodeharia.com\/haria\/wp-content\/uploads\/2016\/04\/rastro-joven2.jpg\"><img decoding=\"async\" class=\"alignleft  wp-image-4702\" src=\"http:\/\/www.ayuntamientodeharia.com\/haria\/wp-content\/uploads\/2016\/04\/rastro-joven2-300x136.jpg\" alt=\"rastro joven2\" width=\"245\" height=\"148\" \/><\/a>Del 2 al 4 de enero, en la Plaza de Har\u00eda<\/h6>\n<p>&nbsp;<\/p>\n<p>El Ayuntamiento de Har\u00eda vuelve a poner en marcha, por octavo a\u00f1o consecutivo, el Rastro Joven de Navidad, que se desarrollar\u00e1 del 2 al 4 de enero de 2015, en la Plaza de Har\u00eda .<\/p>\n<p><!--more--><\/p>\n<p>&nbsp;<\/p>\n<p>Las personas interesadas en solicitar un puesto en el mismo deber\u00e1n tener entre 16 y 35 a\u00f1os y vender art\u00edculos de segunda mano, tales como libros, comics, revistas, pel\u00edculas, v\u00eddeos, discos y similares, adem\u00e1s de juegos y art\u00edculos inform\u00e1ticos, ropa, antig\u00fcedades, cuadros y pinturas, coleccionables, herramientas, maquinaria de peque\u00f1a entidad, fotograf\u00eda y cer\u00e1mica, as\u00ed como art\u00edculos de artesan\u00eda.<\/p>\n<p>&nbsp;<\/p>\n<p>Las solicitudes, que deber\u00e1n presentarse en el Registro General del Consistorio antes del lunes, 29 de diciembre, deben ir acompa\u00f1adas de dos fotograf\u00edas tama\u00f1o carn\u00e9 del solicitante y el ayudante, as\u00ed como de varias im\u00e1genes de los art\u00edculos que vayan a poner a la venta.<\/p>\n<p>&nbsp;<\/p>\n<p>El impreso de solicitud se puede descargar accediendo a la web www.juventudharia.com, donde podr\u00e1n encontrar adem\u00e1s toda la informaci\u00f3n relativa al Rastro Joven de Navidad<\/p>\n<p><a href=\"http:\/\/www.ayuntamientodeharia.com\/haria\/wp-content\/uploads\/2016\/04\/rastro-joven.jpg\"><img decoding=\"async\" class=\"aligncenter size-medium wp-image-4701\" src=\"http:\/\/www.ayuntamientodeharia.com\/haria\/wp-content\/uploads\/2016\/04\/rastro-joven-300x157.jpg\" alt=\"rastro joven\" width=\"300\" height=\"157\" srcset=\"https:\/\/www.ayuntamientodeharia.com\/haria\/wp-content\/uploads\/2016\/04\/rastro-joven-300x157.jpg 300w, https:\/\/www.ayuntamientodeharia.com\/haria\/wp-content\/uploads\/2016\/04\/rastro-joven-1024x538.jpg 1024w, https:\/\/www.ayuntamientodeharia.com\/haria\/wp-content\/uploads\/2016\/04\/rastro-joven.jpg 1783w\" sizes=\"(max-width: 300px) 100vw, 300px\" \/><\/a><\/p>\n","protected":false},"excerpt":{"rendered":"<p>Del 2 al 4 de enero, en la Plaza de Har\u00eda &nbsp; El Ayuntamiento de Har\u00eda vuelve a poner en marcha, por octavo a\u00f1o consecutivo, el Rastro Joven de Navidad, que se desarrollar\u00e1 del 2 al 4 de enero de 2015, en la Plaza de Har\u00eda .<\/p>\n","protected":false},"author":2,"featured_media":0,"comment_status":"closed","ping_status":"closed","sticky":false,"template":"","format":"standard","meta":{"footnotes":""},"categories":[32,11],"tags":[],"class_list":["post-4723","post","type-post","status-publish","format-standard","hentry","category-anuncios","category-hoja-de-haria"],"_links":{"self":[{"href":"https:\/\/www.ayuntamientodeharia.com\/haria\/wp-json\/wp\/v2\/posts\/4723","targetHints":{"allow":["GET"]}}],"collection":[{"href":"https:\/\/www.ayuntamientodeharia.com\/haria\/wp-json\/wp\/v2\/posts"}],"about":[{"href":"https:\/\/www.ayuntamientodeharia.com\/haria\/wp-json\/wp\/v2\/types\/post"}],"author":[{"embeddable":true,"href":"https:\/\/www.ayuntamientodeharia.com\/haria\/wp-json\/wp\/v2\/users\/2"}],"replies":[{"embeddable":true,"href":"https:\/\/www.ayuntamientodeharia.com\/haria\/wp-json\/wp\/v2\/comments?post=4723"}],"version-history":[{"count":0,"href":"https:\/\/www.ayuntamientodeharia.com\/haria\/wp-json\/wp\/v2\/posts\/4723\/revisions"}],"wp:attachment":[{"href":"https:\/\/www.ayuntamientodeharia.com\/haria\/wp-json\/wp\/v2\/media?parent=4723"}],"wp:term":[{"taxonomy":"category","embeddable":true,"href":"https:\/\/www.ayuntamientodeharia.com\/haria\/wp-json\/wp\/v2\/categories?post=4723"},{"taxonomy":"post_tag","embeddable":true,"href":"https:\/\/www.ayuntamientodeharia.com\/haria\/wp-json\/wp\/v2\/tags?post=4723"}],"curies":[{"name":"wp","href":"https:\/\/api.w.org\/{rel}","templated":true}]}}