{"id":4721,"date":"2016-04-15T09:11:44","date_gmt":"2016-04-15T09:11:44","guid":{"rendered":"http:\/\/www.ayuntamientodeharia.com\/haria\/?p=4721"},"modified":"2016-04-15T09:11:44","modified_gmt":"2016-04-15T09:11:44","slug":"la-pelicula-mara-se-proyectara-en-el-centro-sociocultural-la-tegala-de-haria","status":"publish","type":"post","link":"https:\/\/www.ayuntamientodeharia.com\/haria\/la-pelicula-mara-se-proyectara-en-el-centro-sociocultural-la-tegala-de-haria\/","title":{"rendered":"La pel\u00edcula \u2018Mara\u2019 se proyectar\u00e1 en el Centro Sociocultural La Tegala de Har\u00eda"},"content":{"rendered":"<p><a href=\"http:\/\/www.ayuntamientodeharia.com\/haria\/wp-content\/uploads\/2016\/04\/pelicula-mara.jpg\"><img decoding=\"async\" class=\"alignleft  wp-image-4700\" src=\"http:\/\/www.ayuntamientodeharia.com\/haria\/wp-content\/uploads\/2016\/04\/pelicula-mara-244x300.jpg\" alt=\"pelicula mara\" width=\"163\" height=\"199\" srcset=\"https:\/\/www.ayuntamientodeharia.com\/haria\/wp-content\/uploads\/2016\/04\/pelicula-mara-244x300.jpg 244w, https:\/\/www.ayuntamientodeharia.com\/haria\/wp-content\/uploads\/2016\/04\/pelicula-mara.jpg 700w\" sizes=\"(max-width: 163px) 100vw, 163px\" \/><\/a>El pr\u00f3ximo viernes, 28 de noviembre, a las 20:00h, se proyectar\u00e1 la pel\u00edcula \u2018Mara\u2019 en el Centro Sociocultural La Tegala de Har\u00eda.<\/p>\n<p><!--more--><\/p>\n<p>&nbsp;<\/p>\n<p>La obra, dirigida en 1958 por Miguel Herrero y rodada \u00edntegramente en la isla de Tenerife, narra la rivalidad que se establece entre tres j\u00f3venes con personalidades y actitudes diferentes que buscan conquistar el coraz\u00f3n de una joven atractiva, papel interpretado por la actriz italiana Scilla Gabel, que debe elegir cu\u00e1l de ellos ser\u00e1 su novio.<\/p>\n<p>&nbsp;<\/p>\n<p>Los asistentes a la proyecci\u00f3n de la pel\u00edcula disfrutar\u00e1n con la belleza del paisaje isle- \u00f1o de los a\u00f1os 50 y con los modelos de coches utilizados en el rodaje.<\/p>\n<p>&nbsp;<\/p>\n<p>Esta proyecci\u00f3n forma parte del proyecto de difusi\u00f3n del cine hecho en Canarias denominado \u2018Isla de Cine\u2019, seg\u00fan el acuerdo de colaboraci\u00f3n establecido entre Canarias Cultura en Red y el Ayuntamiento de Har\u00eda.<\/p>\n","protected":false},"excerpt":{"rendered":"<p>El pr\u00f3ximo viernes, 28 de noviembre, a las 20:00h, se proyectar\u00e1 la pel\u00edcula \u2018Mara\u2019 en el Centro Sociocultural La Tegala de Har\u00eda.<\/p>\n","protected":false},"author":2,"featured_media":0,"comment_status":"closed","ping_status":"closed","sticky":false,"template":"","format":"standard","meta":{"footnotes":""},"categories":[16,11],"tags":[],"class_list":["post-4721","post","type-post","status-publish","format-standard","hentry","category-cultura","category-hoja-de-haria"],"_links":{"self":[{"href":"https:\/\/www.ayuntamientodeharia.com\/haria\/wp-json\/wp\/v2\/posts\/4721","targetHints":{"allow":["GET"]}}],"collection":[{"href":"https:\/\/www.ayuntamientodeharia.com\/haria\/wp-json\/wp\/v2\/posts"}],"about":[{"href":"https:\/\/www.ayuntamientodeharia.com\/haria\/wp-json\/wp\/v2\/types\/post"}],"author":[{"embeddable":true,"href":"https:\/\/www.ayuntamientodeharia.com\/haria\/wp-json\/wp\/v2\/users\/2"}],"replies":[{"embeddable":true,"href":"https:\/\/www.ayuntamientodeharia.com\/haria\/wp-json\/wp\/v2\/comments?post=4721"}],"version-history":[{"count":0,"href":"https:\/\/www.ayuntamientodeharia.com\/haria\/wp-json\/wp\/v2\/posts\/4721\/revisions"}],"wp:attachment":[{"href":"https:\/\/www.ayuntamientodeharia.com\/haria\/wp-json\/wp\/v2\/media?parent=4721"}],"wp:term":[{"taxonomy":"category","embeddable":true,"href":"https:\/\/www.ayuntamientodeharia.com\/haria\/wp-json\/wp\/v2\/categories?post=4721"},{"taxonomy":"post_tag","embeddable":true,"href":"https:\/\/www.ayuntamientodeharia.com\/haria\/wp-json\/wp\/v2\/tags?post=4721"}],"curies":[{"name":"wp","href":"https:\/\/api.w.org\/{rel}","templated":true}]}}