{"id":4716,"date":"2016-04-15T09:08:33","date_gmt":"2016-04-15T09:08:33","guid":{"rendered":"http:\/\/www.ayuntamientodeharia.com\/haria\/?p=4716"},"modified":"2016-04-15T09:10:25","modified_gmt":"2016-04-15T09:10:25","slug":"el-proyecto-de-recuperacion-de-las-talegas-llega-tambien-al-colegio-de-arrieta","status":"publish","type":"post","link":"https:\/\/www.ayuntamientodeharia.com\/haria\/el-proyecto-de-recuperacion-de-las-talegas-llega-tambien-al-colegio-de-arrieta\/","title":{"rendered":"El proyecto de recuperaci\u00f3n de las talegas llega tambi\u00e9n al colegio de Arrieta"},"content":{"rendered":"<p><a href=\"http:\/\/www.ayuntamientodeharia.com\/haria\/wp-content\/uploads\/2016\/04\/colegio-de-arrieta.jpg\"><img decoding=\"async\" class=\"alignleft  wp-image-4697\" src=\"http:\/\/www.ayuntamientodeharia.com\/haria\/wp-content\/uploads\/2016\/04\/colegio-de-arrieta-300x199.jpg\" alt=\"colegio de arrieta\" width=\"238\" height=\"161\" \/><\/a>Alumnos del CEIP La Garita de Arrieta conocieron tambi\u00e9n de primera mano, como ya hicieran los del CEIP San Juan de Har\u00eda, el proyecto para la recuperaci\u00f3n de las tradicionales talegas de tela, en sustituci\u00f3n de las bolsas de pl\u00e1stico tan contaminantes.<\/p>\n<p><!--more--><\/p>\n<p>&nbsp;<\/p>\n<p>Con este objetivo se desplazaron el pasado viernes, 14 de noviembre, el alcalde de Har\u00eda, Jos\u00e9 Torres Stinga, la concejala de Medio Ambiente, Rosa Mar\u00eda P\u00e9rez, y la impulsora de esta loable iniciativa, la soci\u00f3- loga Carmen Morales, quien ofreci\u00f3 una charla titulada \u2018Talegas. Recuperaci\u00f3n de una tradici\u00f3n\u2019.<\/p>\n<p>&nbsp;<\/p>\n<p>El objetivo de estos encuentros, que se suceder\u00e1n en otros centros, es concienciar a los ni\u00f1os de la necesidad de adquirir h\u00e1bitos de vida saludables, en perfecta armon\u00eda con el medio ambiente, e ir reduciendo poco a poco el consumo de bolsas de pl\u00e1stico. Para ello se entrega a cada uno de los asistentes una taleguita para que lleven su desayuno diariamente.<\/p>\n<p>&nbsp;<\/p>\n<p>El proyecto \u2018Talega\u2019 est\u00e1 coordinado por el Ayuntamiento de Har\u00eda, a trav\u00e9s de la Concejal\u00eda de Medio Ambiente, con el objetivo de ir sustituyendo gradualmente las bolsas de pl\u00e1stico derivadas del petr\u00f3leo, que pueden tardar en degradarse m\u00e1s de medio siglo y atentan gravemente contra el medio que nos rodea.<\/p>\n<p>&nbsp;<\/p>\n<p>Para ello, se pretende recuperar el uso de la talega, una bolsa realizada en tela o lana para guardar y transportar objetos o alimentos, cuyo tama\u00f1o variaba dependiendo de la utilidad y del trozo de retal disponible para su confecci\u00f3n. Hasta la d\u00e9cada de los 70, su uso era generalizado entre los habitantes del municipio, formando parte de su historia y cultura tradicional.<\/p>\n<p>&nbsp;<\/p>\n<p><a href=\"http:\/\/www.ayuntamientodeharia.com\/haria\/wp-content\/uploads\/2016\/04\/colegio-de-arrieta2.jpg\"><img decoding=\"async\" class=\"aligncenter  wp-image-4698\" src=\"http:\/\/www.ayuntamientodeharia.com\/haria\/wp-content\/uploads\/2016\/04\/colegio-de-arrieta2-300x199.jpg\" alt=\"colegio de arrieta2\" width=\"263\" height=\"135\" \/><\/a><\/p>\n","protected":false},"excerpt":{"rendered":"<p>Alumnos del CEIP La Garita de Arrieta conocieron tambi\u00e9n de primera mano, como ya hicieran los del CEIP San Juan de Har\u00eda, el proyecto para la recuperaci\u00f3n de las tradicionales talegas de tela, en sustituci\u00f3n de las bolsas de pl\u00e1stico tan contaminantes.<\/p>\n","protected":false},"author":2,"featured_media":0,"comment_status":"closed","ping_status":"closed","sticky":false,"template":"","format":"standard","meta":{"footnotes":""},"categories":[11,81],"tags":[],"class_list":["post-4716","post","type-post","status-publish","format-standard","hentry","category-hoja-de-haria","category-municipio"],"_links":{"self":[{"href":"https:\/\/www.ayuntamientodeharia.com\/haria\/wp-json\/wp\/v2\/posts\/4716","targetHints":{"allow":["GET"]}}],"collection":[{"href":"https:\/\/www.ayuntamientodeharia.com\/haria\/wp-json\/wp\/v2\/posts"}],"about":[{"href":"https:\/\/www.ayuntamientodeharia.com\/haria\/wp-json\/wp\/v2\/types\/post"}],"author":[{"embeddable":true,"href":"https:\/\/www.ayuntamientodeharia.com\/haria\/wp-json\/wp\/v2\/users\/2"}],"replies":[{"embeddable":true,"href":"https:\/\/www.ayuntamientodeharia.com\/haria\/wp-json\/wp\/v2\/comments?post=4716"}],"version-history":[{"count":0,"href":"https:\/\/www.ayuntamientodeharia.com\/haria\/wp-json\/wp\/v2\/posts\/4716\/revisions"}],"wp:attachment":[{"href":"https:\/\/www.ayuntamientodeharia.com\/haria\/wp-json\/wp\/v2\/media?parent=4716"}],"wp:term":[{"taxonomy":"category","embeddable":true,"href":"https:\/\/www.ayuntamientodeharia.com\/haria\/wp-json\/wp\/v2\/categories?post=4716"},{"taxonomy":"post_tag","embeddable":true,"href":"https:\/\/www.ayuntamientodeharia.com\/haria\/wp-json\/wp\/v2\/tags?post=4716"}],"curies":[{"name":"wp","href":"https:\/\/api.w.org\/{rel}","templated":true}]}}