{"id":4711,"date":"2016-04-15T09:05:39","date_gmt":"2016-04-15T09:05:39","guid":{"rendered":"http:\/\/www.ayuntamientodeharia.com\/haria\/?p=4711"},"modified":"2016-04-15T09:05:52","modified_gmt":"2016-04-15T09:05:52","slug":"fiestas-de-san-francisco-javier-de-ye-2","status":"publish","type":"post","link":"https:\/\/www.ayuntamientodeharia.com\/haria\/fiestas-de-san-francisco-javier-de-ye-2\/","title":{"rendered":"Fiestas de San Francisco Javier de Ye"},"content":{"rendered":"<p><strong>Viernes, 21 de noviembre <\/strong><\/p>\n<p>&nbsp;<\/p>\n<p>Comienzo de la recogida de los trajes antiguos utilizados en bodas, bautizos y comuniones entre los a\u00f1os 1950 y 1990.<\/p>\n<p>&nbsp;<\/p>\n<p><em> 18:00 h<\/em>.- Sorteo y comienzo del Campeonato de chinch\u00f3n femenino.<\/p>\n<p><!--more--><\/p>\n<p>&nbsp;<\/p>\n<p><em>20:00 h<\/em>.- Sorteo y comienzo del Campeonato de truco.<\/p>\n<p>&nbsp;<\/p>\n<p><em>21:30 h<\/em>.- Concurso de \u2018Tu Media Naranja\u2019.<\/p>\n<p>&nbsp;<\/p>\n<p><em>23:00 h<\/em>.- Fiesta de la s\u00e1bana con DJ. Se premiar\u00e1 la s\u00e1bana m\u00e1s original<\/p>\n<p>&nbsp;<\/p>\n<p><strong>S\u00e1bado, 22 de noviembre <\/strong><\/p>\n<p>&nbsp;<\/p>\n<p><em>10:30 h<\/em>.- Campeonato de f\u00fatbol sala 3&#215;3 para todas las edades en la cancha de Ye.<\/p>\n<p>&nbsp;<\/p>\n<p><em>16:00 h<\/em>.- XVI Romer\u00eda en honor a San Francisco Javier y Quema del Coronero. A continuaci\u00f3n, Baile de Romero amenizado por las parrandas Pal Porr\u00f3n, Los Salineros de la Hoya y Ra\u00edces. Se premiar\u00e1 a la romera y romero infantil.<\/p>\n<p>&nbsp;<\/p>\n<p><em> 23:00 h.<\/em>&#8211; Baile amenizado por el grupo Los Conejeros.<\/p>\n<p>&nbsp;<\/p>\n<p><strong> Domingo, 23 de noviembre <\/strong><\/p>\n<p>&nbsp;<\/p>\n<p><em>12:00 h<\/em>.- \u2018Carcosa Ye\u2019: pruebas f\u00edsicas para todo tipo de cuerpos. \u00a1An\u00edmate, lo pasaremos en grande! A partir de 18 a\u00f1os. Adem\u00e1s tendremos una ma\u00f1ana animada con m\u00fasica y colchonetas para los ni\u00f1os.<\/p>\n<p>&nbsp;<\/p>\n<p><em>18:00 h<\/em>.- Bingo sorpresa para mayores de 18 a\u00f1os. Viernes, 28 de noviembre Exposici\u00f3n de los trajes antiguos.<\/p>\n<p>&nbsp;<\/p>\n<p><em>18:00 h.<\/em>&#8211; Sorteo y comienzo del Campeonato femenino de cinquillo.<\/p>\n<p>&nbsp;<\/p>\n<p><em>21:30 h.<\/em>&#8211; Elecci\u00f3n de Miss y Mister Ye a cargo de los ni\u00f1os del pueblo. 23:30 h.- Baile con G\u00fcira Latina.<\/p>\n<p>&nbsp;<\/p>\n<p><strong>S\u00e1bado, 29 de noviembre <\/strong><\/p>\n<p>&nbsp;<\/p>\n<p><em>12:00 h<\/em>.- Taller de barro para los ni\u00f1os.<\/p>\n<p>&nbsp;<\/p>\n<p><em>16:30 h<\/em>.- Final de los distintos campeonatos.<\/p>\n<p>&nbsp;<\/p>\n<p><em>17:00 h<\/em>.- Catas de vinos, concurso de reposter\u00eda y canap\u00e9s y pellas de Gofio<\/p>\n<p>&nbsp;<\/p>\n<p><em>21:00 h<\/em>.- Representaci\u00f3n de la obra del grupo de teatro Ra\u00edces y Ramas con el tema \u2018Qu\u00e9 elecci\u00f3n nos han dado\u2019.<\/p>\n<p>&nbsp;<\/p>\n<p><em> 23:00 h.<\/em>&#8211; Gran Baile amenizado por el grupo musical Los Conejeros y G\u00fcira Latina.<\/p>\n","protected":false},"excerpt":{"rendered":"<p>Viernes, 21 de noviembre &nbsp; Comienzo de la recogida de los trajes antiguos utilizados en bodas, bautizos y comuniones entre los a\u00f1os 1950 y 1990. &nbsp; 18:00 h.- Sorteo y comienzo del Campeonato de chinch\u00f3n femenino.<\/p>\n","protected":false},"author":2,"featured_media":0,"comment_status":"closed","ping_status":"closed","sticky":false,"template":"","format":"standard","meta":{"footnotes":""},"categories":[15,11],"tags":[],"class_list":["post-4711","post","type-post","status-publish","format-standard","hentry","category-festejos","category-hoja-de-haria"],"_links":{"self":[{"href":"https:\/\/www.ayuntamientodeharia.com\/haria\/wp-json\/wp\/v2\/posts\/4711","targetHints":{"allow":["GET"]}}],"collection":[{"href":"https:\/\/www.ayuntamientodeharia.com\/haria\/wp-json\/wp\/v2\/posts"}],"about":[{"href":"https:\/\/www.ayuntamientodeharia.com\/haria\/wp-json\/wp\/v2\/types\/post"}],"author":[{"embeddable":true,"href":"https:\/\/www.ayuntamientodeharia.com\/haria\/wp-json\/wp\/v2\/users\/2"}],"replies":[{"embeddable":true,"href":"https:\/\/www.ayuntamientodeharia.com\/haria\/wp-json\/wp\/v2\/comments?post=4711"}],"version-history":[{"count":0,"href":"https:\/\/www.ayuntamientodeharia.com\/haria\/wp-json\/wp\/v2\/posts\/4711\/revisions"}],"wp:attachment":[{"href":"https:\/\/www.ayuntamientodeharia.com\/haria\/wp-json\/wp\/v2\/media?parent=4711"}],"wp:term":[{"taxonomy":"category","embeddable":true,"href":"https:\/\/www.ayuntamientodeharia.com\/haria\/wp-json\/wp\/v2\/categories?post=4711"},{"taxonomy":"post_tag","embeddable":true,"href":"https:\/\/www.ayuntamientodeharia.com\/haria\/wp-json\/wp\/v2\/tags?post=4711"}],"curies":[{"name":"wp","href":"https:\/\/api.w.org\/{rel}","templated":true}]}}