{"id":4709,"date":"2016-04-15T09:02:33","date_gmt":"2016-04-15T09:02:33","guid":{"rendered":"http:\/\/www.ayuntamientodeharia.com\/haria\/?p=4709"},"modified":"2016-04-15T09:02:33","modified_gmt":"2016-04-15T09:02:33","slug":"la-asociacion-de-la-tercera-edad-realiza-nuevos-carnets-para-sus-socios","status":"publish","type":"post","link":"https:\/\/www.ayuntamientodeharia.com\/haria\/la-asociacion-de-la-tercera-edad-realiza-nuevos-carnets-para-sus-socios\/","title":{"rendered":"La Asociaci\u00f3n de la Tercera Edad realiza nuevos carnets para sus socios"},"content":{"rendered":"<p>La Asociaci\u00f3n de la Tercera Edad Palmeral del Norte comunica a sus socios que se encuentra actualizando la base de datos de la entidad, con el objetivo de optimizar recursos y poner en macha nuevas actividades y propuestas con las que dinamizar los momentos de ocio de los asociados. Para ello, van a elaborar nuevos carn\u00e9s de socios que servir\u00e1n no solamente para acreditar que forman parte de la asociaci\u00f3n, sino tambi\u00e9n para que puedan disfrutar de los descuentos correspondientes en todas aquellas actividades que organicen. Por este motivo, es necesario que pasen por las dependencias del Centro de la Tercera Edad y entreguen una foto tama\u00f1o carnet.<\/p>\n<p><!--more--><\/p>\n<p>&nbsp;<\/p>\n<p>La Asociaci\u00f3n de la Tercera Edad Palmeral del Norte invita al resto de vecinos del municipio a asociase para que puedan disfrutar de las pr\u00f3ximas actividades.<\/p>\n","protected":false},"excerpt":{"rendered":"<p>La Asociaci\u00f3n de la Tercera Edad Palmeral del Norte comunica a sus socios que se encuentra actualizando la base de datos de la entidad, con el objetivo de optimizar recursos y poner en macha nuevas actividades y propuestas con las que dinamizar los momentos de ocio de los asociados. Para ello, van a elaborar nuevos [&hellip;]<\/p>\n","protected":false},"author":2,"featured_media":0,"comment_status":"closed","ping_status":"closed","sticky":false,"template":"","format":"standard","meta":{"footnotes":""},"categories":[11,81],"tags":[],"class_list":["post-4709","post","type-post","status-publish","format-standard","hentry","category-hoja-de-haria","category-municipio"],"_links":{"self":[{"href":"https:\/\/www.ayuntamientodeharia.com\/haria\/wp-json\/wp\/v2\/posts\/4709","targetHints":{"allow":["GET"]}}],"collection":[{"href":"https:\/\/www.ayuntamientodeharia.com\/haria\/wp-json\/wp\/v2\/posts"}],"about":[{"href":"https:\/\/www.ayuntamientodeharia.com\/haria\/wp-json\/wp\/v2\/types\/post"}],"author":[{"embeddable":true,"href":"https:\/\/www.ayuntamientodeharia.com\/haria\/wp-json\/wp\/v2\/users\/2"}],"replies":[{"embeddable":true,"href":"https:\/\/www.ayuntamientodeharia.com\/haria\/wp-json\/wp\/v2\/comments?post=4709"}],"version-history":[{"count":0,"href":"https:\/\/www.ayuntamientodeharia.com\/haria\/wp-json\/wp\/v2\/posts\/4709\/revisions"}],"wp:attachment":[{"href":"https:\/\/www.ayuntamientodeharia.com\/haria\/wp-json\/wp\/v2\/media?parent=4709"}],"wp:term":[{"taxonomy":"category","embeddable":true,"href":"https:\/\/www.ayuntamientodeharia.com\/haria\/wp-json\/wp\/v2\/categories?post=4709"},{"taxonomy":"post_tag","embeddable":true,"href":"https:\/\/www.ayuntamientodeharia.com\/haria\/wp-json\/wp\/v2\/tags?post=4709"}],"curies":[{"name":"wp","href":"https:\/\/api.w.org\/{rel}","templated":true}]}}