{"id":4707,"date":"2016-04-15T09:01:05","date_gmt":"2016-04-15T09:01:05","guid":{"rendered":"http:\/\/www.ayuntamientodeharia.com\/haria\/?p=4707"},"modified":"2016-04-15T09:01:05","modified_gmt":"2016-04-15T09:01:05","slug":"corte-de-luz-en-haria-2","status":"publish","type":"post","link":"https:\/\/www.ayuntamientodeharia.com\/haria\/corte-de-luz-en-haria-2\/","title":{"rendered":"Corte de luz en Har\u00eda"},"content":{"rendered":"<p>La compa\u00f1\u00eda el\u00e9ctrica Endesa comunica a los vecinos del municipio que realizar\u00e1 un corte temporal del suministro el\u00e9ctrico el lunes, 24 de octubre, desde las 8:30 a las 15:30 horas en el pueblo de Har\u00eda, para poder realizar mejoras t\u00e9cnicas de las instalaciones.<\/p>\n<p><!--more--><\/p>\n<p>&nbsp;<\/p>\n<p>El Ayuntamiento informa de que debido a ello, no estar\u00e1 en funcionamiento la sede electr\u00f3nica ni tampoco se emitir\u00e1n certificados desde el Registro General del Consistorio mientras dure el corte de suministro.<\/p>\n","protected":false},"excerpt":{"rendered":"<p>La compa\u00f1\u00eda el\u00e9ctrica Endesa comunica a los vecinos del municipio que realizar\u00e1 un corte temporal del suministro el\u00e9ctrico el lunes, 24 de octubre, desde las 8:30 a las 15:30 horas en el pueblo de Har\u00eda, para poder realizar mejoras t\u00e9cnicas de las instalaciones.<\/p>\n","protected":false},"author":2,"featured_media":0,"comment_status":"closed","ping_status":"closed","sticky":false,"template":"","format":"standard","meta":{"footnotes":""},"categories":[11,81],"tags":[],"class_list":["post-4707","post","type-post","status-publish","format-standard","hentry","category-hoja-de-haria","category-municipio"],"_links":{"self":[{"href":"https:\/\/www.ayuntamientodeharia.com\/haria\/wp-json\/wp\/v2\/posts\/4707","targetHints":{"allow":["GET"]}}],"collection":[{"href":"https:\/\/www.ayuntamientodeharia.com\/haria\/wp-json\/wp\/v2\/posts"}],"about":[{"href":"https:\/\/www.ayuntamientodeharia.com\/haria\/wp-json\/wp\/v2\/types\/post"}],"author":[{"embeddable":true,"href":"https:\/\/www.ayuntamientodeharia.com\/haria\/wp-json\/wp\/v2\/users\/2"}],"replies":[{"embeddable":true,"href":"https:\/\/www.ayuntamientodeharia.com\/haria\/wp-json\/wp\/v2\/comments?post=4707"}],"version-history":[{"count":0,"href":"https:\/\/www.ayuntamientodeharia.com\/haria\/wp-json\/wp\/v2\/posts\/4707\/revisions"}],"wp:attachment":[{"href":"https:\/\/www.ayuntamientodeharia.com\/haria\/wp-json\/wp\/v2\/media?parent=4707"}],"wp:term":[{"taxonomy":"category","embeddable":true,"href":"https:\/\/www.ayuntamientodeharia.com\/haria\/wp-json\/wp\/v2\/categories?post=4707"},{"taxonomy":"post_tag","embeddable":true,"href":"https:\/\/www.ayuntamientodeharia.com\/haria\/wp-json\/wp\/v2\/tags?post=4707"}],"curies":[{"name":"wp","href":"https:\/\/api.w.org\/{rel}","templated":true}]}}