{"id":4703,"date":"2016-04-15T08:55:57","date_gmt":"2016-04-15T08:55:57","guid":{"rendered":"http:\/\/www.ayuntamientodeharia.com\/haria\/?p=4703"},"modified":"2016-04-15T08:55:57","modified_gmt":"2016-04-15T08:55:57","slug":"el-mirador-de-guatifay-6","status":"publish","type":"post","link":"https:\/\/www.ayuntamientodeharia.com\/haria\/el-mirador-de-guatifay-6\/","title":{"rendered":"El Mirador de Guatifay"},"content":{"rendered":"<p><a style=\"font-weight: inherit; font-style: inherit; color: #1b8be0;\" href=\"http:\/\/www.ayuntamientodeharia.com\/haria\/wp-content\/uploads\/2016\/01\/gregorio.jpg\"><img decoding=\"async\" class=\"alignleft  wp-image-3454\" style=\"font-weight: inherit; font-style: inherit; color: inherit;\" src=\"http:\/\/www.ayuntamientodeharia.com\/haria\/wp-content\/uploads\/2016\/01\/gregorio-246x300.jpg\" alt=\"gregorio\" width=\"114\" height=\"138\" srcset=\"https:\/\/www.ayuntamientodeharia.com\/haria\/wp-content\/uploads\/2016\/01\/gregorio-246x300.jpg 246w, https:\/\/www.ayuntamientodeharia.com\/haria\/wp-content\/uploads\/2016\/01\/gregorio.jpg 249w\" sizes=\"(max-width: 114px) 100vw, 114px\" \/><\/a><\/p>\n<p><strong style=\"font-weight: bold; font-style: inherit; color: inherit;\">Por Gregorio Barreto Vi\u00f1oly<\/strong><\/p>\n<p>&nbsp;<\/p>\n<p>&nbsp;<\/p>\n<h6 style=\"font-weight: inherit;\"><strong>Homenaje a Don Pedro Hern\u00e1ndez Cerde\u00f1a en su centenario<\/strong><\/h6>\n<p>El d\u00eda 15 de este mes se celebr\u00f3 un merecido y emotivo acto de homenaje al maestro centenario, Don Pedro Hern\u00e1ndez Cerde\u00f1a, en la sede de la UNED en Arrecife, con motivo de su centenario, al haber nacido en Arrecife en el mes de noviembre de 1914. El acto estuvo organizado por la Asociaci\u00f3n Mercedes Medina D\u00edaz, con la intervenci\u00f3n de Don Juan Cruz Sep\u00falveda y con la colaboraci\u00f3n del Gobierno de Canarias, el Cabildo Insular de Lanzarote, el Ayuntamiento de Arrecife, la UNED y el Centro de Profesorado de Lanzarote, lo que significa un orgullo para el municipio de Har\u00eda, que es una cuna de sus ra\u00edces, como un centenario m\u00e1s, ante una numerosa asistencia de autoridades, compa\u00f1eros de Magisterio y p\u00fablico en general, muy ameno.<\/p>\n<p><!--more--><\/p>\n<p>&nbsp;<\/p>\n<p>Don Pedro Hern\u00e1ndez Cerde\u00f1a fue maestro de Educaci\u00f3n Primaria durante todo su vida activa, ejerciendo en la ciudad de Arrecife, concretamente en la Escuela que estuvo ubicada frente al Parador Nacional de Turismo, durante unos treinta a\u00f1os, cuyo centro se llamaba Orientaci\u00f3n Mar\u00edtima, atendiendo a unos cuarenta alumnos y hasta a m\u00e1s, cuando se dec\u00eda entonces \u201cgana menos que un maestro de escuela\u201d.<\/p>\n<p>&nbsp;<\/p>\n<p>Don Pedro ha tenido la suerte de gozar de una buena salud, en sus a\u00f1os de ya algo mayor, hasta el punto de que fue pregonero de las Fiestas de San Gin\u00e9s de Arrecife en el a\u00f1o 2010, denotando a\u00fan su vigor, con 96 a\u00f1os.<\/p>\n<p>&nbsp;<\/p>\n<p>Fue casado con Do\u00f1a Dolores Sp\u00ednola Ferrer y tuvo ocho hijos, apellidados Hern\u00e1ndez Sp\u00ednola, conociendo en especial a dos de ellos, Francisco, que es actualmente consejero de Presidencia, Justicia e Igualdad del Gobierno Aut\u00f3nomo Canario, y Manuel, que ha estado dedicado a diversas actividades, entre ellas la informaci\u00f3n y el montaje de emisoras.<\/p>\n<p>&nbsp;<\/p>\n<p>Esta familia ha sido conocida por \u2018Los Fierros\u2019, y ello en honor a que tuvo un abuelo llamado Francisco Hern\u00e1ndez Fierro, que fuera notario de Lanzarote.<\/p>\n<p>&nbsp;<\/p>\n<p>Don Pedro es hijo del primer m\u00e9dico nativo que sali\u00f3 del municipio de Har\u00eda, llamado Don Francisco Hern\u00e1ndez Arata, que no lleg\u00f3 a ejercer nunca la profesi\u00f3n, y de Mar\u00eda Cerde\u00f1a Bethencourt. Vivieron en la Villa Dolores y en la casa que ahora es sede del Museo de C\u00e9sar Manrique en la zona de La Ca\u00f1ada, o Malpaso.<\/p>\n<p>&nbsp;<\/p>\n<p>Es nieto, como se dice, de Francisco Hern\u00e1ndez Fierro y de Dolores Arata Perdomo, que fueron los padres de los varios hermanos Hern\u00e1ndez Arata, como fue adem\u00e1s, el notario de Lanzarote, Don Jos\u00e9 Hern\u00e1ndez Arata, y varias hermanas.<\/p>\n<p>&nbsp;<\/p>\n<p>Con este homenaje se quiere premiar a una persona dedicada toda su vida a la ense\u00f1anza, y que su longevidad le ha llegado a tanto como hasta a cumplir el siglo.<\/p>\n<p>&nbsp;<\/p>\n<p>Esta familia est\u00e1 entroncada con los referentes ancestrales desde antes de la creaci\u00f3n del edificio de Villa Dolores, que naciera desde el patriarca Don Ambrosio Perdomo Luzardo, pasando por su hijo Salvador Perdomo Cabrera, que fuera alcalde de Arrecife, para que luego su hija Rafaela Perdomo Brito casara en 1851 con Don Jos\u00e9 Arata \u00c1lvarez, oficial de la Marina Mercante, y su hija Dolores Arata Perdomo contrajera matrimonio con el indicado notario Francisco Hern\u00e1ndez Fierro, en 1871.<\/p>\n","protected":false},"excerpt":{"rendered":"<p>Por Gregorio Barreto Vi\u00f1oly &nbsp; &nbsp; Homenaje a Don Pedro Hern\u00e1ndez Cerde\u00f1a en su centenario El d\u00eda 15 de este mes se celebr\u00f3 un merecido y emotivo acto de homenaje al maestro centenario, Don Pedro Hern\u00e1ndez Cerde\u00f1a, en la sede de la UNED en Arrecife, con motivo de su centenario, al haber nacido en Arrecife [&hellip;]<\/p>\n","protected":false},"author":2,"featured_media":0,"comment_status":"closed","ping_status":"closed","sticky":false,"template":"","format":"standard","meta":{"footnotes":""},"categories":[118,11],"tags":[],"class_list":["post-4703","post","type-post","status-publish","format-standard","hentry","category-el-mirador-de-guatifay","category-hoja-de-haria"],"_links":{"self":[{"href":"https:\/\/www.ayuntamientodeharia.com\/haria\/wp-json\/wp\/v2\/posts\/4703","targetHints":{"allow":["GET"]}}],"collection":[{"href":"https:\/\/www.ayuntamientodeharia.com\/haria\/wp-json\/wp\/v2\/posts"}],"about":[{"href":"https:\/\/www.ayuntamientodeharia.com\/haria\/wp-json\/wp\/v2\/types\/post"}],"author":[{"embeddable":true,"href":"https:\/\/www.ayuntamientodeharia.com\/haria\/wp-json\/wp\/v2\/users\/2"}],"replies":[{"embeddable":true,"href":"https:\/\/www.ayuntamientodeharia.com\/haria\/wp-json\/wp\/v2\/comments?post=4703"}],"version-history":[{"count":0,"href":"https:\/\/www.ayuntamientodeharia.com\/haria\/wp-json\/wp\/v2\/posts\/4703\/revisions"}],"wp:attachment":[{"href":"https:\/\/www.ayuntamientodeharia.com\/haria\/wp-json\/wp\/v2\/media?parent=4703"}],"wp:term":[{"taxonomy":"category","embeddable":true,"href":"https:\/\/www.ayuntamientodeharia.com\/haria\/wp-json\/wp\/v2\/categories?post=4703"},{"taxonomy":"post_tag","embeddable":true,"href":"https:\/\/www.ayuntamientodeharia.com\/haria\/wp-json\/wp\/v2\/tags?post=4703"}],"curies":[{"name":"wp","href":"https:\/\/api.w.org\/{rel}","templated":true}]}}