{"id":4693,"date":"2016-04-15T08:18:21","date_gmt":"2016-04-15T08:18:21","guid":{"rendered":"http:\/\/www.ayuntamientodeharia.com\/haria\/?p=4693"},"modified":"2016-04-15T08:18:21","modified_gmt":"2016-04-15T08:18:21","slug":"taller-de-manualidades-para-mayores-en-haria","status":"publish","type":"post","link":"https:\/\/www.ayuntamientodeharia.com\/haria\/taller-de-manualidades-para-mayores-en-haria\/","title":{"rendered":"Taller de manualidades para mayores en Har\u00eda"},"content":{"rendered":"<p><a href=\"http:\/\/www.ayuntamientodeharia.com\/haria\/wp-content\/uploads\/2016\/04\/manualidades-para-mayores.jpg\"><img decoding=\"async\" class=\"alignleft  wp-image-4685\" src=\"http:\/\/www.ayuntamientodeharia.com\/haria\/wp-content\/uploads\/2016\/04\/manualidades-para-mayores-300x226.jpg\" alt=\"manualidades para mayores\" width=\"220\" height=\"168\" \/><\/a>El Ayuntamiento, a trav\u00e9s de la Concejal\u00eda de Servicios Sociales, organiza un taller de manualidades para los mayores del municipio, que se impartir\u00e1 los viernes, de 16:30 a 17:30 horas, en el Centro de la Tercera Edad de Har\u00eda.<\/p>\n<p><!--more--><\/p>\n<p>&nbsp;<\/p>\n<p>Los mayores interesados en participar en esta actividad deber\u00e1n inscribirse llamando al 928 835 633, de lunes a viernes, de 9:00 a 14:00 horas.<\/p>\n","protected":false},"excerpt":{"rendered":"<p>El Ayuntamiento, a trav\u00e9s de la Concejal\u00eda de Servicios Sociales, organiza un taller de manualidades para los mayores del municipio, que se impartir\u00e1 los viernes, de 16:30 a 17:30 horas, en el Centro de la Tercera Edad de Har\u00eda.<\/p>\n","protected":false},"author":2,"featured_media":0,"comment_status":"closed","ping_status":"closed","sticky":false,"template":"","format":"standard","meta":{"footnotes":""},"categories":[32,11],"tags":[],"class_list":["post-4693","post","type-post","status-publish","format-standard","hentry","category-anuncios","category-hoja-de-haria"],"_links":{"self":[{"href":"https:\/\/www.ayuntamientodeharia.com\/haria\/wp-json\/wp\/v2\/posts\/4693","targetHints":{"allow":["GET"]}}],"collection":[{"href":"https:\/\/www.ayuntamientodeharia.com\/haria\/wp-json\/wp\/v2\/posts"}],"about":[{"href":"https:\/\/www.ayuntamientodeharia.com\/haria\/wp-json\/wp\/v2\/types\/post"}],"author":[{"embeddable":true,"href":"https:\/\/www.ayuntamientodeharia.com\/haria\/wp-json\/wp\/v2\/users\/2"}],"replies":[{"embeddable":true,"href":"https:\/\/www.ayuntamientodeharia.com\/haria\/wp-json\/wp\/v2\/comments?post=4693"}],"version-history":[{"count":0,"href":"https:\/\/www.ayuntamientodeharia.com\/haria\/wp-json\/wp\/v2\/posts\/4693\/revisions"}],"wp:attachment":[{"href":"https:\/\/www.ayuntamientodeharia.com\/haria\/wp-json\/wp\/v2\/media?parent=4693"}],"wp:term":[{"taxonomy":"category","embeddable":true,"href":"https:\/\/www.ayuntamientodeharia.com\/haria\/wp-json\/wp\/v2\/categories?post=4693"},{"taxonomy":"post_tag","embeddable":true,"href":"https:\/\/www.ayuntamientodeharia.com\/haria\/wp-json\/wp\/v2\/tags?post=4693"}],"curies":[{"name":"wp","href":"https:\/\/api.w.org\/{rel}","templated":true}]}}