{"id":4687,"date":"2016-04-15T08:11:20","date_gmt":"2016-04-15T08:11:20","guid":{"rendered":"http:\/\/www.ayuntamientodeharia.com\/haria\/?p=4687"},"modified":"2016-04-15T08:11:20","modified_gmt":"2016-04-15T08:11:20","slug":"cierre-de-la-carretera-tabayesco-penas-del-chache-con-motivo-del-xxxvi-rallye-orvecame-isla-de-lanzarote-2","status":"publish","type":"post","link":"https:\/\/www.ayuntamientodeharia.com\/haria\/cierre-de-la-carretera-tabayesco-penas-del-chache-con-motivo-del-xxxvi-rallye-orvecame-isla-de-lanzarote-2\/","title":{"rendered":"Cierre de la carretera Tabayesco-Pe\u00f1as del Chache con motivo del \u2018XXXVI Rallye Orvecame-Isla de Lanzarote\u2019"},"content":{"rendered":"<p><a href=\"http:\/\/www.ayuntamientodeharia.com\/haria\/wp-content\/uploads\/2016\/04\/ralley.jpg\"><img decoding=\"async\" class=\"alignleft  wp-image-4686\" src=\"http:\/\/www.ayuntamientodeharia.com\/haria\/wp-content\/uploads\/2016\/04\/ralley-300x182.jpg\" alt=\"ralley\" width=\"211\" height=\"131\" \/><\/a>Con motivo del desarrollo de la trig\u00e9simo sexta edici\u00f3n del \u2018Rallye Orvecame\u2013Isla de Lanzarote\u2019, que se disputar\u00e1 el s\u00e1bado, 29 de noviembre, se cerrar\u00e1 al tr\u00e1fico, desde las 8:00 a las 11:00 horas y desde las 11:45 a las 14:15 horas, la LZ-207 desde Tabayesco hasta el cruce de Temisa, y la LZ-10 desde el cruce de la calle Las Eras con la calle El Palmeral en Har\u00eda hasta la entrada a las Pe\u00f1as del Chache. Dichos horarios pueden alterarse en caso de que se produzca alg\u00fan accidente durante el transcurso de la prueba.<\/p>\n<p><!--more--><\/p>\n<p>&nbsp;<\/p>\n<p>Los aficionados que se acerquen a la zona norte disfrutar\u00e1n con la habilidad y destreza que mostrar\u00e1n al volante pilotos tan destacados como Yeray Lemes, Enrique Cruz y Fernando Capdevila, entre otros, en las dos pasadas de subida y bajada de las que consta la prueba.<\/p>\n<p>&nbsp;<\/p>\n<p>Con el desarrollo de la trig\u00e9sima sexta edici\u00f3n del \u2018Rallye Orvecame\u2013Isla de Lanzarote\u2019 se cierra la presente temporada del \u2018Campeonato Auton\u00f3mico de Rallies de Canarias\u2019 y del \u2018Campeonato Provincial de Rallies de Las Palmas\u2019.<\/p>\n","protected":false},"excerpt":{"rendered":"<p>Con motivo del desarrollo de la trig\u00e9simo sexta edici\u00f3n del \u2018Rallye Orvecame\u2013Isla de Lanzarote\u2019, que se disputar\u00e1 el s\u00e1bado, 29 de noviembre, se cerrar\u00e1 al tr\u00e1fico, desde las 8:00 a las 11:00 horas y desde las 11:45 a las 14:15 horas, la LZ-207 desde Tabayesco hasta el cruce de Temisa, y la LZ-10 desde el [&hellip;]<\/p>\n","protected":false},"author":2,"featured_media":0,"comment_status":"closed","ping_status":"closed","sticky":false,"template":"","format":"standard","meta":{"footnotes":""},"categories":[17,11],"tags":[],"class_list":["post-4687","post","type-post","status-publish","format-standard","hentry","category-deportes","category-hoja-de-haria"],"_links":{"self":[{"href":"https:\/\/www.ayuntamientodeharia.com\/haria\/wp-json\/wp\/v2\/posts\/4687","targetHints":{"allow":["GET"]}}],"collection":[{"href":"https:\/\/www.ayuntamientodeharia.com\/haria\/wp-json\/wp\/v2\/posts"}],"about":[{"href":"https:\/\/www.ayuntamientodeharia.com\/haria\/wp-json\/wp\/v2\/types\/post"}],"author":[{"embeddable":true,"href":"https:\/\/www.ayuntamientodeharia.com\/haria\/wp-json\/wp\/v2\/users\/2"}],"replies":[{"embeddable":true,"href":"https:\/\/www.ayuntamientodeharia.com\/haria\/wp-json\/wp\/v2\/comments?post=4687"}],"version-history":[{"count":0,"href":"https:\/\/www.ayuntamientodeharia.com\/haria\/wp-json\/wp\/v2\/posts\/4687\/revisions"}],"wp:attachment":[{"href":"https:\/\/www.ayuntamientodeharia.com\/haria\/wp-json\/wp\/v2\/media?parent=4687"}],"wp:term":[{"taxonomy":"category","embeddable":true,"href":"https:\/\/www.ayuntamientodeharia.com\/haria\/wp-json\/wp\/v2\/categories?post=4687"},{"taxonomy":"post_tag","embeddable":true,"href":"https:\/\/www.ayuntamientodeharia.com\/haria\/wp-json\/wp\/v2\/tags?post=4687"}],"curies":[{"name":"wp","href":"https:\/\/api.w.org\/{rel}","templated":true}]}}