{"id":4681,"date":"2016-04-15T08:00:45","date_gmt":"2016-04-15T08:00:45","guid":{"rendered":"http:\/\/www.ayuntamientodeharia.com\/haria\/?p=4681"},"modified":"2016-04-15T08:00:45","modified_gmt":"2016-04-15T08:00:45","slug":"mara-se-proyectara-en-el-centro-sociocultural-la-tegala","status":"publish","type":"post","link":"https:\/\/www.ayuntamientodeharia.com\/haria\/mara-se-proyectara-en-el-centro-sociocultural-la-tegala\/","title":{"rendered":"\u2018Mara\u2019 se proyectar\u00e1 en el Centro Sociocultural La Tegala"},"content":{"rendered":"<p>Este viernes, 28 de noviembre, a las 20:00 horas, se proyectar\u00e1 la pel\u00edcula \u2018Mara\u2019 en el Centro Sociocultural La Tegala de Har\u00eda. La entrada es gratuita y est\u00e1 recomendada para todos los p\u00fablicos.<\/p>\n<p><!--more--><\/p>\n<p>&nbsp;<\/p>\n<p>Esta proyecci\u00f3n forma parte del proyecto de difusi\u00f3n del cine hecho en Canarias denominado \u2018Isla de Cine\u2019, seg\u00fan el acuerdo de colaboraci\u00f3n establecido entre Canarias Cultura en Red y el Ayuntamiento de Har\u00eda.<\/p>\n","protected":false},"excerpt":{"rendered":"<p>Este viernes, 28 de noviembre, a las 20:00 horas, se proyectar\u00e1 la pel\u00edcula \u2018Mara\u2019 en el Centro Sociocultural La Tegala de Har\u00eda. La entrada es gratuita y est\u00e1 recomendada para todos los p\u00fablicos.<\/p>\n","protected":false},"author":2,"featured_media":0,"comment_status":"closed","ping_status":"closed","sticky":false,"template":"","format":"standard","meta":{"footnotes":""},"categories":[16,11],"tags":[],"class_list":["post-4681","post","type-post","status-publish","format-standard","hentry","category-cultura","category-hoja-de-haria"],"_links":{"self":[{"href":"https:\/\/www.ayuntamientodeharia.com\/haria\/wp-json\/wp\/v2\/posts\/4681","targetHints":{"allow":["GET"]}}],"collection":[{"href":"https:\/\/www.ayuntamientodeharia.com\/haria\/wp-json\/wp\/v2\/posts"}],"about":[{"href":"https:\/\/www.ayuntamientodeharia.com\/haria\/wp-json\/wp\/v2\/types\/post"}],"author":[{"embeddable":true,"href":"https:\/\/www.ayuntamientodeharia.com\/haria\/wp-json\/wp\/v2\/users\/2"}],"replies":[{"embeddable":true,"href":"https:\/\/www.ayuntamientodeharia.com\/haria\/wp-json\/wp\/v2\/comments?post=4681"}],"version-history":[{"count":0,"href":"https:\/\/www.ayuntamientodeharia.com\/haria\/wp-json\/wp\/v2\/posts\/4681\/revisions"}],"wp:attachment":[{"href":"https:\/\/www.ayuntamientodeharia.com\/haria\/wp-json\/wp\/v2\/media?parent=4681"}],"wp:term":[{"taxonomy":"category","embeddable":true,"href":"https:\/\/www.ayuntamientodeharia.com\/haria\/wp-json\/wp\/v2\/categories?post=4681"},{"taxonomy":"post_tag","embeddable":true,"href":"https:\/\/www.ayuntamientodeharia.com\/haria\/wp-json\/wp\/v2\/tags?post=4681"}],"curies":[{"name":"wp","href":"https:\/\/api.w.org\/{rel}","templated":true}]}}