{"id":4679,"date":"2016-04-15T07:59:30","date_gmt":"2016-04-15T07:59:30","guid":{"rendered":"http:\/\/www.ayuntamientodeharia.com\/haria\/?p=4679"},"modified":"2016-04-15T07:59:30","modified_gmt":"2016-04-15T07:59:30","slug":"indice-pluviometrico-de-las-lluvias-caidas-en-los-ultimos-dias","status":"publish","type":"post","link":"https:\/\/www.ayuntamientodeharia.com\/haria\/indice-pluviometrico-de-las-lluvias-caidas-en-los-ultimos-dias\/","title":{"rendered":"\u00cdndice pluviom\u00e9trico de las lluvias ca\u00eddas en los \u00faltimos d\u00edas"},"content":{"rendered":"<h6>Har\u00eda<\/h6>\n<p>19 de noviembre&#8230;&#8230;&#8230;&#8230;&#8230;&#8230;&#8230;&#8230;&#8230;&#8230;&#8230;&#8230;&#8230;&#8230;16 l\/m2<\/p>\n<p>&nbsp;<\/p>\n<p>20 de noviembre&#8230;&#8230;&#8230;&#8230;&#8230;&#8230;&#8230;&#8230;&#8230;&#8230;&#8230;&#8230;&#8230;&#8230;.17 l\/m2<\/p>\n<p><!--more--><\/p>\n<p>&nbsp;<\/p>\n<p>&nbsp;<\/p>\n<p>21 de noviembre&#8230;&#8230;&#8230;&#8230;&#8230;&#8230;&#8230;&#8230;&#8230;&#8230;&#8230;&#8230;&#8230;&#8230;.33 l\/m2<\/p>\n<p>&nbsp;<\/p>\n<p>22 de noviembre&#8230;&#8230;&#8230;&#8230;&#8230;&#8230;&#8230;&#8230;&#8230;&#8230;&#8230;&#8230;&#8230;&#8230;.24 l\/m2<\/p>\n<p>&nbsp;<\/p>\n<p>23 de noviembre&#8230;&#8230;&#8230;&#8230;&#8230;&#8230;&#8230;&#8230;&#8230;&#8230;&#8230;&#8230;&#8230;&#8230;..2 l\/m2<\/p>\n<p>&nbsp;<\/p>\n<p>&nbsp;<\/p>\n<p>26 de noviembre&#8230;&#8230;&#8230;&#8230;&#8230;&#8230;&#8230;&#8230;&#8230;&#8230;&#8230;&#8230;&#8230;&#8230;&#8230;3,5 l\/m2<\/p>\n<p>&nbsp;<\/p>\n<p>&nbsp;<\/p>\n<p>27 de noviembre&#8230;&#8230;&#8230;&#8230;&#8230;&#8230;&#8230;&#8230;&#8230;&#8230;&#8230;&#8230;&#8230;&#8230;&#8230;.4 l\/m2<\/p>\n<p>&nbsp;<\/p>\n<p>Arrieta<\/p>\n<p>19 de de noviembre&#8230;&#8230;&#8230;&#8230;&#8230;&#8230;&#8230;&#8230;&#8230;&#8230;&#8230;&#8230;&#8230;&#8230;..15 l\/m2<\/p>\n<p>&nbsp;<\/p>\n<p>20 de noviembre&#8230;&#8230;&#8230;&#8230;&#8230;&#8230;&#8230;&#8230;&#8230;&#8230;&#8230;&#8230;&#8230;&#8230;&#8230;&#8230;..17 l\/m2<\/p>\n<p>&nbsp;<\/p>\n<p>21 de noviembre&#8230;&#8230;&#8230;&#8230;&#8230;&#8230;&#8230;&#8230;&#8230;&#8230;&#8230;&#8230;&#8230;&#8230;&#8230;&#8230;..32 l\/m2<\/p>\n<p>&nbsp;<\/p>\n<p>22 de noviembre&#8230;&#8230;&#8230;&#8230;&#8230;&#8230;&#8230;&#8230;&#8230;&#8230;&#8230;&#8230;&#8230;&#8230;&#8230;&#8230;&#8230;19 l\/m2<\/p>\n<p>&nbsp;<\/p>\n<p>23 de noviembre&#8230;&#8230;&#8230;&#8230;&#8230;&#8230;&#8230;&#8230;&#8230;&#8230;&#8230;&#8230;&#8230;&#8230;&#8230;&#8230;&#8230;.1,5 l\/m2<\/p>\n<p>&nbsp;<\/p>\n<p>26 de noviembre&#8230;&#8230;&#8230;&#8230;&#8230;&#8230;&#8230;&#8230;&#8230;&#8230;&#8230;&#8230;&#8230;&#8230;&#8230;&#8230;&#8230;.3 l\/m2<\/p>\n<p>&nbsp;<\/p>\n<p>27 de noviembre&#8230;&#8230;&#8230;&#8230;&#8230;&#8230;&#8230;&#8230;&#8230;&#8230;&#8230;&#8230;&#8230;&#8230;&#8230;&#8230;&#8230;.5 l\/m2<\/p>\n","protected":false},"excerpt":{"rendered":"<p>Har\u00eda 19 de noviembre&#8230;&#8230;&#8230;&#8230;&#8230;&#8230;&#8230;&#8230;&#8230;&#8230;&#8230;&#8230;&#8230;&#8230;16 l\/m2 &nbsp; 20 de noviembre&#8230;&#8230;&#8230;&#8230;&#8230;&#8230;&#8230;&#8230;&#8230;&#8230;&#8230;&#8230;&#8230;&#8230;.17 l\/m2<\/p>\n","protected":false},"author":2,"featured_media":0,"comment_status":"closed","ping_status":"closed","sticky":false,"template":"","format":"standard","meta":{"footnotes":""},"categories":[11,81],"tags":[],"class_list":["post-4679","post","type-post","status-publish","format-standard","hentry","category-hoja-de-haria","category-municipio"],"_links":{"self":[{"href":"https:\/\/www.ayuntamientodeharia.com\/haria\/wp-json\/wp\/v2\/posts\/4679","targetHints":{"allow":["GET"]}}],"collection":[{"href":"https:\/\/www.ayuntamientodeharia.com\/haria\/wp-json\/wp\/v2\/posts"}],"about":[{"href":"https:\/\/www.ayuntamientodeharia.com\/haria\/wp-json\/wp\/v2\/types\/post"}],"author":[{"embeddable":true,"href":"https:\/\/www.ayuntamientodeharia.com\/haria\/wp-json\/wp\/v2\/users\/2"}],"replies":[{"embeddable":true,"href":"https:\/\/www.ayuntamientodeharia.com\/haria\/wp-json\/wp\/v2\/comments?post=4679"}],"version-history":[{"count":0,"href":"https:\/\/www.ayuntamientodeharia.com\/haria\/wp-json\/wp\/v2\/posts\/4679\/revisions"}],"wp:attachment":[{"href":"https:\/\/www.ayuntamientodeharia.com\/haria\/wp-json\/wp\/v2\/media?parent=4679"}],"wp:term":[{"taxonomy":"category","embeddable":true,"href":"https:\/\/www.ayuntamientodeharia.com\/haria\/wp-json\/wp\/v2\/categories?post=4679"},{"taxonomy":"post_tag","embeddable":true,"href":"https:\/\/www.ayuntamientodeharia.com\/haria\/wp-json\/wp\/v2\/tags?post=4679"}],"curies":[{"name":"wp","href":"https:\/\/api.w.org\/{rel}","templated":true}]}}