{"id":4676,"date":"2016-04-15T07:52:36","date_gmt":"2016-04-15T07:52:36","guid":{"rendered":"http:\/\/www.ayuntamientodeharia.com\/haria\/?p=4676"},"modified":"2016-04-15T07:52:57","modified_gmt":"2016-04-15T07:52:57","slug":"fiestas-de-santa-barbara-de-maguez-2","status":"publish","type":"post","link":"https:\/\/www.ayuntamientodeharia.com\/haria\/fiestas-de-santa-barbara-de-maguez-2\/","title":{"rendered":"Fiestas de Santa B\u00e1rbara de M\u00e1guez"},"content":{"rendered":"<p><strong>Mi\u00e9rcoles, 3 de diciembre: <\/strong><\/p>\n<p>&nbsp;<\/p>\n<p><em>19:30h.<\/em>&#8211; Bingo ben\u00e9fico.<\/p>\n<p>&nbsp;<\/p>\n<p><em>20:00h<\/em>.- Sorteo y comienzo del Campeonato de truco.<\/p>\n<p><!--more--><\/p>\n<p>&nbsp;<\/p>\n<p><strong>Jueves, 4 de diciembre: Festividad de Santa B\u00e1rbara <\/strong><\/p>\n<p>&nbsp;<\/p>\n<p><em>12:30h.<\/em>&#8211; Misa y procesi\u00f3n por las calles de pueblo.<\/p>\n<p>&nbsp;<\/p>\n<p><em>20:00h<\/em>.- Preg\u00f3n a cargo de Don Jes\u00fas Mar\u00eda Santana de Le\u00f3n. A continuaci\u00f3n, tenderete canario con las parrandas Pa\u00b4l Porr\u00f3n, Chimia y Los Gurfines.<\/p>\n<p>&nbsp;<\/p>\n<p><strong> Viernes, 5 de diciembre: <\/strong><\/p>\n<p>&nbsp;<\/p>\n<p><em>17:00h<\/em>.- Tarde infantil y juvenil.<\/p>\n<p>&nbsp;<\/p>\n<p><em> 20:00h.<\/em>&#8211; Sorteo e inicio del Campeonato de envite.<\/p>\n<p>&nbsp;<\/p>\n<p><em>20:30h<\/em>.- Representaci\u00f3n de la obra \u2018Entrenos\u2019, a cargo del grupo Somos.<\/p>\n<p>&nbsp;<\/p>\n<p><em>22:00h<\/em>.- Baile popular amenizado por el grupo Coraz\u00f3n Latino.<\/p>\n<p>&nbsp;<\/p>\n<p><strong>S\u00e1bado, 6 de diciembre: <\/strong><\/p>\n<p>&nbsp;<\/p>\n<p><em>09:30h<\/em>.- Caminata a la Fuente de Gayo y Rinc\u00f3n de Guinate, donde disfrutar\u00e1n de una sobremesa llena de sorpresas. La salida se realizar\u00e1 desde el Centro Democr\u00e1tico de M\u00e1guez.<\/p>\n<p>&nbsp;<\/p>\n<p><em>20:30h<\/em>.- Actuaci\u00f3n de la Escuela de Bailes Latinos del Norte y otras sorpresas.<\/p>\n<p>&nbsp;<\/p>\n<p><em>22:00h<\/em>.- Baile popular amenizado por el grupo Los Conejeros.<\/p>\n<p>&nbsp;<\/p>\n<p><strong>Domingo, 7 de diciembre: <\/strong><\/p>\n<p>&nbsp;<\/p>\n<p><em>11:00h.<\/em>&#8211; Taller de manualidades.<\/p>\n<p>&nbsp;<\/p>\n<p><em>17:00h<\/em>.- Sorteo e inicio del Campeonato de ronda.<\/p>\n<p>&nbsp;<\/p>\n<p><em> 18:00h<\/em>.- Sorteo y comienzo del Campeonato de bolas.<\/p>\n<p>&nbsp;<\/p>\n<p><em> 20:00h<\/em>.- \u2018\u00a1T\u00fa eres quien canta!\u2019.<\/p>\n<p>&nbsp;<\/p>\n<p><em>21:00h<\/em>.- Concierto del grupo Salvapantallas. A continuaci\u00f3n, baile popular amenizado por los grupos Los Conejeros y Coraz\u00f3n Latino. Lunes, 8 de diciembre:<\/p>\n<p>&nbsp;<\/p>\n<p><em>12:30h<\/em>.- Misa.<\/p>\n<p>&nbsp;<\/p>\n<p><em> 19:00h<\/em>.- Play Back a cargo de los ni\u00f1os y j\u00f3venes del pueblo.<\/p>\n","protected":false},"excerpt":{"rendered":"<p>Mi\u00e9rcoles, 3 de diciembre: &nbsp; 19:30h.&#8211; Bingo ben\u00e9fico. &nbsp; 20:00h.- Sorteo y comienzo del Campeonato de truco.<\/p>\n","protected":false},"author":2,"featured_media":0,"comment_status":"closed","ping_status":"closed","sticky":false,"template":"","format":"standard","meta":{"footnotes":""},"categories":[15,11],"tags":[],"class_list":["post-4676","post","type-post","status-publish","format-standard","hentry","category-festejos","category-hoja-de-haria"],"_links":{"self":[{"href":"https:\/\/www.ayuntamientodeharia.com\/haria\/wp-json\/wp\/v2\/posts\/4676","targetHints":{"allow":["GET"]}}],"collection":[{"href":"https:\/\/www.ayuntamientodeharia.com\/haria\/wp-json\/wp\/v2\/posts"}],"about":[{"href":"https:\/\/www.ayuntamientodeharia.com\/haria\/wp-json\/wp\/v2\/types\/post"}],"author":[{"embeddable":true,"href":"https:\/\/www.ayuntamientodeharia.com\/haria\/wp-json\/wp\/v2\/users\/2"}],"replies":[{"embeddable":true,"href":"https:\/\/www.ayuntamientodeharia.com\/haria\/wp-json\/wp\/v2\/comments?post=4676"}],"version-history":[{"count":0,"href":"https:\/\/www.ayuntamientodeharia.com\/haria\/wp-json\/wp\/v2\/posts\/4676\/revisions"}],"wp:attachment":[{"href":"https:\/\/www.ayuntamientodeharia.com\/haria\/wp-json\/wp\/v2\/media?parent=4676"}],"wp:term":[{"taxonomy":"category","embeddable":true,"href":"https:\/\/www.ayuntamientodeharia.com\/haria\/wp-json\/wp\/v2\/categories?post=4676"},{"taxonomy":"post_tag","embeddable":true,"href":"https:\/\/www.ayuntamientodeharia.com\/haria\/wp-json\/wp\/v2\/tags?post=4676"}],"curies":[{"name":"wp","href":"https:\/\/api.w.org\/{rel}","templated":true}]}}