{"id":4673,"date":"2016-04-15T07:48:40","date_gmt":"2016-04-15T07:48:40","guid":{"rendered":"http:\/\/www.ayuntamientodeharia.com\/haria\/?p=4673"},"modified":"2016-04-15T07:48:55","modified_gmt":"2016-04-15T07:48:55","slug":"fiestas-de-san-francisco-javier-de-ye","status":"publish","type":"post","link":"https:\/\/www.ayuntamientodeharia.com\/haria\/fiestas-de-san-francisco-javier-de-ye\/","title":{"rendered":"Fiestas de San Francisco Javier de Ye"},"content":{"rendered":"<p><strong>Viernes, 28 de noviembre:<\/strong><\/p>\n<p>&nbsp;<\/p>\n<p>Exposici\u00f3n de trajes antiguos utilizados en bautizos, comuniones y bodas entre los a\u00f1os 1950 y 1990.<\/p>\n<p><!--more--><\/p>\n<p>&nbsp;<\/p>\n<p><em>18:00 h<\/em>.- Sorteo y comienzo del Campeonato femenino de cinquillo.<\/p>\n<p>&nbsp;<\/p>\n<p><em> 21:30 h.<\/em>&#8211; Elecci\u00f3n de Miss y M\u00edster Ye a cargo de los ni\u00f1os del pueblo.<\/p>\n<p>&nbsp;<\/p>\n<p><em>23:30 h<\/em>.- Baile amenizado por el grupo G\u00fcira Latina.<\/p>\n<p>&nbsp;<\/p>\n<p><strong>S\u00e1bado, 29 de noviembre:<\/strong><\/p>\n<p>&nbsp;<\/p>\n<p><em> 12:00 h.<\/em>&#8211; Taller de barro dirigido a los ni\u00f1os.<\/p>\n<p>&nbsp;<\/p>\n<p><em> 16:30 h.<\/em>&#8211; Final de los distintos campeonatos.<\/p>\n<p>&nbsp;<\/p>\n<p><em> 17:00 h.-<\/em> Catas de vinos, concurso de reposter\u00eda y canap\u00e9s y pellas de gofio.<\/p>\n<p>&nbsp;<\/p>\n<p><em> 21:00 h.<\/em>&#8211; Representaci\u00f3n de la obra \u2018Qu\u00e9 elecci\u00f3n nos han dado\u2019, del grupo de teatro Ra\u00edces y Ramas.<\/p>\n<p>&nbsp;<\/p>\n<p><em>23:00 h.<\/em>&#8211; Baile amenizado por los grupos Los Conejeros y G\u00fcira Latina.<\/p>\n<p>&nbsp;<\/p>\n<p><strong> Domingo, 30 de noviembre: <\/strong><\/p>\n<p>&nbsp;<\/p>\n<p><em>12:30 h.<\/em>&#8211; Misa y procesi\u00f3n acompa\u00f1ada por la banda de m\u00fasica.<\/p>\n","protected":false},"excerpt":{"rendered":"<p>Viernes, 28 de noviembre: &nbsp; Exposici\u00f3n de trajes antiguos utilizados en bautizos, comuniones y bodas entre los a\u00f1os 1950 y 1990.<\/p>\n","protected":false},"author":2,"featured_media":0,"comment_status":"closed","ping_status":"closed","sticky":false,"template":"","format":"standard","meta":{"footnotes":""},"categories":[15,11],"tags":[],"class_list":["post-4673","post","type-post","status-publish","format-standard","hentry","category-festejos","category-hoja-de-haria"],"_links":{"self":[{"href":"https:\/\/www.ayuntamientodeharia.com\/haria\/wp-json\/wp\/v2\/posts\/4673","targetHints":{"allow":["GET"]}}],"collection":[{"href":"https:\/\/www.ayuntamientodeharia.com\/haria\/wp-json\/wp\/v2\/posts"}],"about":[{"href":"https:\/\/www.ayuntamientodeharia.com\/haria\/wp-json\/wp\/v2\/types\/post"}],"author":[{"embeddable":true,"href":"https:\/\/www.ayuntamientodeharia.com\/haria\/wp-json\/wp\/v2\/users\/2"}],"replies":[{"embeddable":true,"href":"https:\/\/www.ayuntamientodeharia.com\/haria\/wp-json\/wp\/v2\/comments?post=4673"}],"version-history":[{"count":0,"href":"https:\/\/www.ayuntamientodeharia.com\/haria\/wp-json\/wp\/v2\/posts\/4673\/revisions"}],"wp:attachment":[{"href":"https:\/\/www.ayuntamientodeharia.com\/haria\/wp-json\/wp\/v2\/media?parent=4673"}],"wp:term":[{"taxonomy":"category","embeddable":true,"href":"https:\/\/www.ayuntamientodeharia.com\/haria\/wp-json\/wp\/v2\/categories?post=4673"},{"taxonomy":"post_tag","embeddable":true,"href":"https:\/\/www.ayuntamientodeharia.com\/haria\/wp-json\/wp\/v2\/tags?post=4673"}],"curies":[{"name":"wp","href":"https:\/\/api.w.org\/{rel}","templated":true}]}}