{"id":4669,"date":"2016-04-15T07:44:49","date_gmt":"2016-04-15T07:44:49","guid":{"rendered":"http:\/\/www.ayuntamientodeharia.com\/haria\/?p=4669"},"modified":"2016-04-15T07:44:49","modified_gmt":"2016-04-15T07:44:49","slug":"reyes-concepcion-logra-un-accesit-en-el-primer-certamen-literario-y-fotografico-lagar-y-quesera","status":"publish","type":"post","link":"https:\/\/www.ayuntamientodeharia.com\/haria\/reyes-concepcion-logra-un-accesit-en-el-primer-certamen-literario-y-fotografico-lagar-y-quesera\/","title":{"rendered":"Reyes Concepci\u00f3n logra un acc\u00e9sit en el primer certamen literario y fotogr\u00e1fico \u2018Lagar y Quesera\u2019"},"content":{"rendered":"<p>El relato \u2018Tiempo de vivir\u2019, de la hariana Reyes Concepci\u00f3n Betancor, logr\u00f3 un acc\u00e9sit en el Primer Certamen Literario y Fotogr\u00e1fico \u2018Lagar y Quesera\u2019, organizado por la Fundaci\u00f3n Jos\u00e9 Clavijo y Fajardo y la Asociaci\u00f3n de Amigos del Vino y el Queso de Lanzarote, en colaboraci\u00f3n con la Consejer\u00eda de Agricultura del Cabildo y la Concejal\u00eda de Agricultura del Ayuntamiento de Har\u00eda, con motivo de la vendimia que se realiza durante los meses de julio y agosto.<\/p>\n<p><!--more--><\/p>\n<p>&nbsp;<\/p>\n<p>El primer premio de la modalidad de narrativa recay\u00f3 en Isora S\u00e1nchez P\u00e9rez, con el relato \u2018El vino que mana del volc\u00e1n\u2019, y el primer premio de la modalidad de poes\u00eda en Mario Mart\u00ednez Rela\u00f1o, con la poes\u00eda \u2018Pintando la Geria\u2019. La modalidad de fotograf\u00eda qued\u00f3 desierta. Los premios se entregar\u00e1n el viernes, 28 de noviembre, a las 20:30 horas, en el Centro Cultural de Nazaret.<\/p>\n<p>&nbsp;<\/p>\n<p>Desde el Ayuntamiento de Har\u00eda se felicita a los ganadores de los premios, en especial a la hariana Reyes Concepci\u00f3n Betancor, por la calidad literaria del trabajo presentado al certamen.<\/p>\n","protected":false},"excerpt":{"rendered":"<p>El relato \u2018Tiempo de vivir\u2019, de la hariana Reyes Concepci\u00f3n Betancor, logr\u00f3 un acc\u00e9sit en el Primer Certamen Literario y Fotogr\u00e1fico \u2018Lagar y Quesera\u2019, organizado por la Fundaci\u00f3n Jos\u00e9 Clavijo y Fajardo y la Asociaci\u00f3n de Amigos del Vino y el Queso de Lanzarote, en colaboraci\u00f3n con la Consejer\u00eda de Agricultura del Cabildo y la [&hellip;]<\/p>\n","protected":false},"author":2,"featured_media":0,"comment_status":"closed","ping_status":"closed","sticky":false,"template":"","format":"standard","meta":{"footnotes":""},"categories":[16,11],"tags":[],"class_list":["post-4669","post","type-post","status-publish","format-standard","hentry","category-cultura","category-hoja-de-haria"],"_links":{"self":[{"href":"https:\/\/www.ayuntamientodeharia.com\/haria\/wp-json\/wp\/v2\/posts\/4669","targetHints":{"allow":["GET"]}}],"collection":[{"href":"https:\/\/www.ayuntamientodeharia.com\/haria\/wp-json\/wp\/v2\/posts"}],"about":[{"href":"https:\/\/www.ayuntamientodeharia.com\/haria\/wp-json\/wp\/v2\/types\/post"}],"author":[{"embeddable":true,"href":"https:\/\/www.ayuntamientodeharia.com\/haria\/wp-json\/wp\/v2\/users\/2"}],"replies":[{"embeddable":true,"href":"https:\/\/www.ayuntamientodeharia.com\/haria\/wp-json\/wp\/v2\/comments?post=4669"}],"version-history":[{"count":0,"href":"https:\/\/www.ayuntamientodeharia.com\/haria\/wp-json\/wp\/v2\/posts\/4669\/revisions"}],"wp:attachment":[{"href":"https:\/\/www.ayuntamientodeharia.com\/haria\/wp-json\/wp\/v2\/media?parent=4669"}],"wp:term":[{"taxonomy":"category","embeddable":true,"href":"https:\/\/www.ayuntamientodeharia.com\/haria\/wp-json\/wp\/v2\/categories?post=4669"},{"taxonomy":"post_tag","embeddable":true,"href":"https:\/\/www.ayuntamientodeharia.com\/haria\/wp-json\/wp\/v2\/tags?post=4669"}],"curies":[{"name":"wp","href":"https:\/\/api.w.org\/{rel}","templated":true}]}}