{"id":4665,"date":"2016-04-15T07:39:50","date_gmt":"2016-04-15T07:39:50","guid":{"rendered":"http:\/\/www.ayuntamientodeharia.com\/haria\/?p=4665"},"modified":"2016-04-15T07:40:42","modified_gmt":"2016-04-15T07:40:42","slug":"el-mirador-de-guatifay-5","status":"publish","type":"post","link":"https:\/\/www.ayuntamientodeharia.com\/haria\/el-mirador-de-guatifay-5\/","title":{"rendered":"El Mirador de Guatifay"},"content":{"rendered":"<p><a style=\"font-weight: inherit; font-style: inherit; color: #1b8be0;\" href=\"http:\/\/www.ayuntamientodeharia.com\/haria\/wp-content\/uploads\/2016\/01\/gregorio.jpg\"><img decoding=\"async\" class=\"alignleft  wp-image-3454\" style=\"font-weight: inherit; font-style: inherit; color: inherit;\" src=\"http:\/\/www.ayuntamientodeharia.com\/haria\/wp-content\/uploads\/2016\/01\/gregorio-246x300.jpg\" alt=\"gregorio\" width=\"114\" height=\"138\" srcset=\"https:\/\/www.ayuntamientodeharia.com\/haria\/wp-content\/uploads\/2016\/01\/gregorio-246x300.jpg 246w, https:\/\/www.ayuntamientodeharia.com\/haria\/wp-content\/uploads\/2016\/01\/gregorio.jpg 249w\" sizes=\"(max-width: 114px) 100vw, 114px\" \/><\/a><\/p>\n<p><strong style=\"font-weight: bold; font-style: inherit; color: inherit;\">Por Gregorio Barreto Vi\u00f1oly<\/strong><\/p>\n<p>&nbsp;<\/p>\n<p>&nbsp;<\/p>\n<h6 style=\"font-weight: inherit;\"><strong>Recordando a la cantante Ana Raquel Satre (Mim\u00ed)<\/strong><\/h6>\n<p>Vamos a recordar en esta ocasi\u00f3n a una se\u00f1ora uruguaya que conoc\u00ed bastante y que recal\u00f3 por aqu\u00ed all\u00e1 por el a\u00f1o de 1970, siendo una gran cantante de \u00f3pera de estilo soprano, como fue Do\u00f1a Ana Raquel Satre de Bashford, siendo conocida art\u00edstica y familiarmente por Mim\u00ed, habiendo triunfado en su profesi\u00f3n, especialmente en los a\u00f1os de 1950 y 1960, y alcanzando una estimable fama, coincidiendo en su \u00e9poca m\u00e1s gloriosa con las tambi\u00e9n cantantes famosas Mar\u00eda Calas y Montserrat Caball\u00e9, con las que se codeaba.<\/p>\n<p><!--more--><\/p>\n<p>&nbsp;<\/p>\n<p>Mim\u00ed lleg\u00f3 desde Uruguay a Europa y se situ\u00f3 en Londres, conoci\u00e9ndose y uni\u00e9ndose con un joven ingl\u00e9s, y luego algo m\u00e1s tarde, conoci\u00f3 en Estados Unidos a un joven llamado John Patrick Bashford, gran guitarrista, con quien al final se cas\u00f3.<\/p>\n<p>&nbsp;<\/p>\n<p>Actu\u00f3 por todo el mundo y a finales de los a\u00f1os de 1960 conoci\u00f3 al gran artista lanzarote\u00f1o C\u00e9sar Manrique Cabrera, y le gust\u00f3 mucho su obra, y sabiendo de su quehacer en beneficio de su isla de Lanzarote, ella se aline\u00f3 con su buen hacer y decidi\u00f3 ubicarse para lo sucesivo en esta isla, y as\u00ed decidi\u00f3 venirse para Lanzarote y comprarse un terreno para situar su casa, lo que le cost\u00f3 bastante trabajo para conseguirlo, porque los extranjeros ten\u00edan que obtener un permiso militar para adquirir propiedades en Espa\u00f1a, pero al fin consigui\u00f3 comprar un terreno en la zona Los Llanos, al pie de La Corona, donde fund\u00f3 su casa y luego construyera una segunda, a cuya obra le llam\u00f3 \u2018La Milagrosa\u2019, y all\u00ed estuvo viviendo muchos a\u00f1os con su familia, donde recibi\u00f3 la noticia de la muerte de su marido Patrikc Bashford en Francia en 22 de diciembre de 2011, lo que la conmocion\u00f3 much\u00edsimo.<\/p>\n<p>&nbsp;<\/p>\n<p>Al poco tiempo, ya ella se iba deteriorando en su salud, hasta que hubo de trasladarse a vivir a otro lugar, eligiendo el sitio de Costa Teguise, donde alquil\u00f3 un apartamento, en el que estuvo viviendo hasta su fallecimiento.<\/p>\n<p>&nbsp;<\/p>\n<p>Aunque fundara su casa en la zona de Los Llanos desde los a\u00f1os de 1970, sin embargo ella no viv\u00eda permanente en dicho lugar, pues esta vivienda mas bien era para pasarse largas temporadas, pero se marchaba para Inglaterra primero y para Francia despu\u00e9s, porque estaba trabajando profesionalmente y daba clases de canto a muchas chicas y ven\u00eda luego para Lanzarote en los veranos, y tambi\u00e9n ven\u00eda en las fechas de Reyes, porque coincid\u00edan con el aniversario de su matrimonio.<\/p>\n<p>&nbsp;<\/p>\n<p>Tuvo dos hijos, Gustavo y Roderic, y este cas\u00f3 con Benedicta y tienen dos hijos, Teodoro y Hugo, y era una fecha importante para ella el estar el 13 de septiembre de cada a\u00f1o cerca de su nieto Teodoro, al menos, para celebrar el cumplea\u00f1os. Celebraba sus cumplea\u00f1os con amigos, falleciendo el 18 de noviembre de 2014, a los 88 a\u00f1os.<\/p>\n<p>&nbsp;<\/p>\n<p>Do\u00f1a Mim\u00ed era una persona a la que le gustaban mucho los amigos y sol\u00eda hacer banquetes en su casa y ven\u00eda gente de Europa y de muchos sitios, y tambi\u00e9n le gustaba tener amigos j\u00f3venes, a los que animaba al cante, teatro y otras actividades.<\/p>\n<p>&nbsp;<\/p>\n<p>Por otra parte, Do\u00f1a Mim\u00ed era una persona muy religiosa y asisti\u00f3 a las misas, en especial de M\u00e1guez, mientras pudo moverse y ven\u00eda hasta caminando al principio.<\/p>\n","protected":false},"excerpt":{"rendered":"<p>Por Gregorio Barreto Vi\u00f1oly &nbsp; &nbsp; Recordando a la cantante Ana Raquel Satre (Mim\u00ed) Vamos a recordar en esta ocasi\u00f3n a una se\u00f1ora uruguaya que conoc\u00ed bastante y que recal\u00f3 por aqu\u00ed all\u00e1 por el a\u00f1o de 1970, siendo una gran cantante de \u00f3pera de estilo soprano, como fue Do\u00f1a Ana Raquel Satre de Bashford, [&hellip;]<\/p>\n","protected":false},"author":2,"featured_media":0,"comment_status":"closed","ping_status":"closed","sticky":false,"template":"","format":"standard","meta":{"footnotes":""},"categories":[118,11],"tags":[],"class_list":["post-4665","post","type-post","status-publish","format-standard","hentry","category-el-mirador-de-guatifay","category-hoja-de-haria"],"_links":{"self":[{"href":"https:\/\/www.ayuntamientodeharia.com\/haria\/wp-json\/wp\/v2\/posts\/4665","targetHints":{"allow":["GET"]}}],"collection":[{"href":"https:\/\/www.ayuntamientodeharia.com\/haria\/wp-json\/wp\/v2\/posts"}],"about":[{"href":"https:\/\/www.ayuntamientodeharia.com\/haria\/wp-json\/wp\/v2\/types\/post"}],"author":[{"embeddable":true,"href":"https:\/\/www.ayuntamientodeharia.com\/haria\/wp-json\/wp\/v2\/users\/2"}],"replies":[{"embeddable":true,"href":"https:\/\/www.ayuntamientodeharia.com\/haria\/wp-json\/wp\/v2\/comments?post=4665"}],"version-history":[{"count":0,"href":"https:\/\/www.ayuntamientodeharia.com\/haria\/wp-json\/wp\/v2\/posts\/4665\/revisions"}],"wp:attachment":[{"href":"https:\/\/www.ayuntamientodeharia.com\/haria\/wp-json\/wp\/v2\/media?parent=4665"}],"wp:term":[{"taxonomy":"category","embeddable":true,"href":"https:\/\/www.ayuntamientodeharia.com\/haria\/wp-json\/wp\/v2\/categories?post=4665"},{"taxonomy":"post_tag","embeddable":true,"href":"https:\/\/www.ayuntamientodeharia.com\/haria\/wp-json\/wp\/v2\/tags?post=4665"}],"curies":[{"name":"wp","href":"https:\/\/api.w.org\/{rel}","templated":true}]}}