{"id":4563,"date":"2016-04-12T11:53:59","date_gmt":"2016-04-12T11:53:59","guid":{"rendered":"http:\/\/www.ayuntamientodeharia.com\/haria\/?p=4563"},"modified":"2016-04-12T11:53:59","modified_gmt":"2016-04-12T11:53:59","slug":"el-ies-haria-antonio-vicente-betancort-y-juan-carlos-fuentes-ganadores-de-la-xvi-edicion-del-concurso-de-belenes-caseros","status":"publish","type":"post","link":"https:\/\/www.ayuntamientodeharia.com\/haria\/el-ies-haria-antonio-vicente-betancort-y-juan-carlos-fuentes-ganadores-de-la-xvi-edicion-del-concurso-de-belenes-caseros\/","title":{"rendered":"El IES Har\u00eda, Antonio Vicente Betancort y Juan Carlos Fuentes, ganadores de la XVI edici\u00f3n del \u2018Concurso de Belenes Caseros\u2019"},"content":{"rendered":"<p><a href=\"http:\/\/www.ayuntamientodeharia.com\/haria\/wp-content\/uploads\/2016\/04\/concurso-de-belenes-1\u00ba-premio.jpg\"><img decoding=\"async\" class=\"alignleft size-thumbnail wp-image-4552\" src=\"http:\/\/www.ayuntamientodeharia.com\/haria\/wp-content\/uploads\/2016\/04\/concurso-de-belenes-1\u00ba-premio-150x150.jpg\" alt=\"concurso de belenes 1\u00ba premio\" width=\"150\" height=\"150\" \/><\/a>El pasado jueves, 18 de diciembre, se otorgaron los tres premios a los belenes presentados a la XVI edici\u00f3n del Concurso de Belenes Caseros, organizado por el Ayuntamiento de Har\u00eda.<\/p>\n<p><!--more--><\/p>\n<p>&nbsp;<\/p>\n<p>Este a\u00f1o, el IES Har\u00eda, Antonio Vicente Betancort Gonz\u00e1lez y Juan Carlos Fuentes Avero han sido galardonados con el primer, segundo y tercer premio, respectivamente, tras la dif\u00edcil deliberaci\u00f3n llevada a cabo por los miembros del jurado.<\/p>\n<p>&nbsp;<\/p>\n<p>El alcalde de Har\u00eda y la concejala de Cultura felicitan a los once participantes en esta XVI edici\u00f3n del Concurso, agradeci\u00e9ndoles el esfuerzo y la dedicaci\u00f3n en la confecci\u00f3n de los nacimientos, especialmente a los tres primeros clasificados.<\/p>\n<p><a href=\"http:\/\/www.ayuntamientodeharia.com\/haria\/wp-content\/uploads\/2016\/04\/concurso-de-belenes-3\u00ba-premio.jpg\"><img decoding=\"async\" class=\"alignleft size-thumbnail wp-image-4554\" src=\"http:\/\/www.ayuntamientodeharia.com\/haria\/wp-content\/uploads\/2016\/04\/concurso-de-belenes-3\u00ba-premio-150x150.jpg\" alt=\"concurso de belenes 3\u00ba premio\" width=\"150\" height=\"150\" \/><\/a> <a href=\"http:\/\/www.ayuntamientodeharia.com\/haria\/wp-content\/uploads\/2016\/04\/concurso-de-belenes-2\u00ba-premio.jpg\"><img decoding=\"async\" class=\"alignright size-thumbnail wp-image-4553\" src=\"http:\/\/www.ayuntamientodeharia.com\/haria\/wp-content\/uploads\/2016\/04\/concurso-de-belenes-2\u00ba-premio-150x150.jpg\" alt=\"concurso de belenes 2\u00ba premio\" width=\"150\" height=\"150\" \/><\/a><\/p>\n","protected":false},"excerpt":{"rendered":"<p>El pasado jueves, 18 de diciembre, se otorgaron los tres premios a los belenes presentados a la XVI edici\u00f3n del Concurso de Belenes Caseros, organizado por el Ayuntamiento de Har\u00eda.<\/p>\n","protected":false},"author":2,"featured_media":0,"comment_status":"closed","ping_status":"closed","sticky":false,"template":"","format":"standard","meta":{"footnotes":""},"categories":[16,11],"tags":[],"class_list":["post-4563","post","type-post","status-publish","format-standard","hentry","category-cultura","category-hoja-de-haria"],"_links":{"self":[{"href":"https:\/\/www.ayuntamientodeharia.com\/haria\/wp-json\/wp\/v2\/posts\/4563","targetHints":{"allow":["GET"]}}],"collection":[{"href":"https:\/\/www.ayuntamientodeharia.com\/haria\/wp-json\/wp\/v2\/posts"}],"about":[{"href":"https:\/\/www.ayuntamientodeharia.com\/haria\/wp-json\/wp\/v2\/types\/post"}],"author":[{"embeddable":true,"href":"https:\/\/www.ayuntamientodeharia.com\/haria\/wp-json\/wp\/v2\/users\/2"}],"replies":[{"embeddable":true,"href":"https:\/\/www.ayuntamientodeharia.com\/haria\/wp-json\/wp\/v2\/comments?post=4563"}],"version-history":[{"count":0,"href":"https:\/\/www.ayuntamientodeharia.com\/haria\/wp-json\/wp\/v2\/posts\/4563\/revisions"}],"wp:attachment":[{"href":"https:\/\/www.ayuntamientodeharia.com\/haria\/wp-json\/wp\/v2\/media?parent=4563"}],"wp:term":[{"taxonomy":"category","embeddable":true,"href":"https:\/\/www.ayuntamientodeharia.com\/haria\/wp-json\/wp\/v2\/categories?post=4563"},{"taxonomy":"post_tag","embeddable":true,"href":"https:\/\/www.ayuntamientodeharia.com\/haria\/wp-json\/wp\/v2\/tags?post=4563"}],"curies":[{"name":"wp","href":"https:\/\/api.w.org\/{rel}","templated":true}]}}