{"id":4560,"date":"2016-04-12T09:33:37","date_gmt":"2016-04-12T09:33:37","guid":{"rendered":"http:\/\/www.ayuntamientodeharia.com\/haria\/?p=4560"},"modified":"2016-04-12T09:34:43","modified_gmt":"2016-04-12T09:34:43","slug":"saluda-navideno-del-alcalde-de-haria","status":"publish","type":"post","link":"https:\/\/www.ayuntamientodeharia.com\/haria\/saluda-navideno-del-alcalde-de-haria\/","title":{"rendered":"Saluda navide\u00f1o del alcalde de Har\u00eda"},"content":{"rendered":"<p><a href=\"http:\/\/www.ayuntamientodeharia.com\/haria\/wp-content\/uploads\/2016\/04\/saludo-del-alcalde.jpg\"><img decoding=\"async\" class=\"alignleft size-thumbnail wp-image-4555\" src=\"http:\/\/www.ayuntamientodeharia.com\/haria\/wp-content\/uploads\/2016\/04\/saludo-del-alcalde-150x150.jpg\" alt=\"saludo del alcalde\" width=\"150\" height=\"150\" \/><\/a>Estimados vecinos:<\/p>\n<p>&nbsp;<\/p>\n<p>En el coraz\u00f3n de cada ser humano, creyente o no, anida la esperanza de un mundo mejor donde la solidaridad se convierta en moneda de cambio del devenir diario de la vida. Las Fiestas de Navidad propician que los buenos deseos trasmitidos a familiares y amigos, el reencuentro con los seres queridos y el compromiso social se vivan de una manera muy especial.<\/p>\n<p><!--more--><\/p>\n<p>&nbsp;<\/p>\n<p>&nbsp;<\/p>\n<p>Este a\u00f1o venidero vamos a intentar, entre todos, que estos buenos deseos lanzados al aire cristalicen en una sociedad m\u00e1s justa, donde la desigualdad social no sea considerada un estigma, sino el motor que nos impulse a luchar por un nuevo sistema social.<\/p>\n<p>&nbsp;<\/p>\n<p>Desde el municipio de Har\u00eda no nos olvidamos de los vecinos que han tenido que emigrar a otros lugares para iniciar una nueva vida, esperando que alg\u00fan d\u00eda regresen a la tierra que los vio nacer. Mientras tanto confiamos en que recuerden con cari\u00f1o su lugar de origen, transmitiendo nuestro sentir isle\u00f1o a sus familiares y amigos.<\/p>\n<p>&nbsp;<\/p>\n<p>Reciban en mi nombre y en el de la Corpora\u00acci\u00f3n municipal los mejores deseos de solidaridad, paz y prosperidad para el a\u00f1o nuevo. Dejemos que el esp\u00edritu navide\u00f1o nos invada durante estas semanas y saque lo mejor de cada uno, mirando al futuro con optimismo y alegr\u00eda.<\/p>\n<p>&nbsp;<\/p>\n<p>\u00a1Felices Fiestas!<\/p>\n","protected":false},"excerpt":{"rendered":"<p>Estimados vecinos: &nbsp; En el coraz\u00f3n de cada ser humano, creyente o no, anida la esperanza de un mundo mejor donde la solidaridad se convierta en moneda de cambio del devenir diario de la vida. Las Fiestas de Navidad propician que los buenos deseos trasmitidos a familiares y amigos, el reencuentro con los seres queridos [&hellip;]<\/p>\n","protected":false},"author":2,"featured_media":0,"comment_status":"closed","ping_status":"closed","sticky":false,"template":"","format":"standard","meta":{"footnotes":""},"categories":[73,11],"tags":[],"class_list":["post-4560","post","type-post","status-publish","format-standard","hentry","category-alcaldia","category-hoja-de-haria"],"_links":{"self":[{"href":"https:\/\/www.ayuntamientodeharia.com\/haria\/wp-json\/wp\/v2\/posts\/4560","targetHints":{"allow":["GET"]}}],"collection":[{"href":"https:\/\/www.ayuntamientodeharia.com\/haria\/wp-json\/wp\/v2\/posts"}],"about":[{"href":"https:\/\/www.ayuntamientodeharia.com\/haria\/wp-json\/wp\/v2\/types\/post"}],"author":[{"embeddable":true,"href":"https:\/\/www.ayuntamientodeharia.com\/haria\/wp-json\/wp\/v2\/users\/2"}],"replies":[{"embeddable":true,"href":"https:\/\/www.ayuntamientodeharia.com\/haria\/wp-json\/wp\/v2\/comments?post=4560"}],"version-history":[{"count":0,"href":"https:\/\/www.ayuntamientodeharia.com\/haria\/wp-json\/wp\/v2\/posts\/4560\/revisions"}],"wp:attachment":[{"href":"https:\/\/www.ayuntamientodeharia.com\/haria\/wp-json\/wp\/v2\/media?parent=4560"}],"wp:term":[{"taxonomy":"category","embeddable":true,"href":"https:\/\/www.ayuntamientodeharia.com\/haria\/wp-json\/wp\/v2\/categories?post=4560"},{"taxonomy":"post_tag","embeddable":true,"href":"https:\/\/www.ayuntamientodeharia.com\/haria\/wp-json\/wp\/v2\/tags?post=4560"}],"curies":[{"name":"wp","href":"https:\/\/api.w.org\/{rel}","templated":true}]}}