{"id":4558,"date":"2016-04-12T09:31:45","date_gmt":"2016-04-12T09:31:45","guid":{"rendered":"http:\/\/www.ayuntamientodeharia.com\/haria\/?p=4558"},"modified":"2016-04-12T09:31:45","modified_gmt":"2016-04-12T09:31:45","slug":"el-ayuntamiento-de-haria-homenajea-a-los-trabajadores-jubilados-este-ano","status":"publish","type":"post","link":"https:\/\/www.ayuntamientodeharia.com\/haria\/el-ayuntamiento-de-haria-homenajea-a-los-trabajadores-jubilados-este-ano\/","title":{"rendered":"El Ayuntamiento de Har\u00eda homenajea a los trabajadores jubilados este a\u00f1o"},"content":{"rendered":"<p><a href=\"http:\/\/www.ayuntamientodeharia.com\/haria\/wp-content\/uploads\/2016\/04\/alcalde-con-trabajadores-jubilados2.jpg\"><img decoding=\"async\" class=\"alignleft  wp-image-4549\" src=\"http:\/\/www.ayuntamientodeharia.com\/haria\/wp-content\/uploads\/2016\/04\/alcalde-con-trabajadores-jubilados2-150x150.jpg\" alt=\"alcalde con trabajadores jubilados2\" width=\"175\" height=\"162\" \/><\/a>Tres trabajadores del Ayuntamiento de Har\u00eda recientemente jubilados recibieron un emotivo homenaje de despedida en un almuerzo de confraternizaci\u00f3n celebrado el pasado viernes, 19 de diciembre, en el Centro Democr\u00e1tico de M\u00e1guez.<\/p>\n<p><!--more--><\/p>\n<p>&nbsp;<\/p>\n<p>Numerosas personas asistieron a la comida organizada por el Consistorio norte- \u00f1o, a la que no faltaron, adem\u00e1s de la Corporaci\u00f3n y los trabajadores municipales, los antiguos jubilados y los familiares de los homenajeados.<\/p>\n<p>&nbsp;<\/p>\n<p>Al finalizar el almuerzo, Germ\u00e1n Perdomo Rodr\u00edguez, Mar\u00eda Dolores Gonz\u00e1lez Camacho y Marcelino Betancort Concepci\u00f3n, con 41, 24 y 19 a\u00f1os de trabajo en la Instituci\u00f3n, respectivamente, recibieron diferentes obsequios en reconocimiento al esfuerzo y dedicaci\u00f3n que mostraron durante su etapa laboral al servicio de todos los vecinos del municipio.<\/p>\n<p>&nbsp;<\/p>\n<p>El alcalde de Har\u00eda, y en su nombre la Corporaci\u00f3n Municipal, as\u00ed como los compa\u00f1eros de trabajo, les desean lo mejor en esta nueva etapa de sus vidas que comienza.<\/p>\n<p><a href=\"http:\/\/www.ayuntamientodeharia.com\/haria\/wp-content\/uploads\/2016\/04\/alcalde-con-trabajadores-jubilados.jpg\"><img decoding=\"async\" class=\"alignright size-thumbnail wp-image-4548\" src=\"http:\/\/www.ayuntamientodeharia.com\/haria\/wp-content\/uploads\/2016\/04\/alcalde-con-trabajadores-jubilados-150x150.jpg\" alt=\"alcalde con trabajadores jubilados\" width=\"150\" height=\"150\" \/><\/a> <a href=\"http:\/\/www.ayuntamientodeharia.com\/haria\/wp-content\/uploads\/2016\/04\/alcalde-con-trabajadores-jubilados4.jpg\"><img decoding=\"async\" class=\"alignleft size-thumbnail wp-image-4551\" src=\"http:\/\/www.ayuntamientodeharia.com\/haria\/wp-content\/uploads\/2016\/04\/alcalde-con-trabajadores-jubilados4-150x150.jpg\" alt=\"alcalde con trabajadores jubilados4\" width=\"150\" height=\"150\" \/><\/a> <a href=\"http:\/\/www.ayuntamientodeharia.com\/haria\/wp-content\/uploads\/2016\/04\/alcalde-con-trabajadores-jubilados3.jpg\"><img loading=\"lazy\" decoding=\"async\" class=\"aligncenter size-thumbnail wp-image-4550\" src=\"http:\/\/www.ayuntamientodeharia.com\/haria\/wp-content\/uploads\/2016\/04\/alcalde-con-trabajadores-jubilados3-150x150.jpg\" alt=\"alcalde con trabajadores jubilados3\" width=\"150\" height=\"150\" \/><\/a><\/p>\n","protected":false},"excerpt":{"rendered":"<p>Tres trabajadores del Ayuntamiento de Har\u00eda recientemente jubilados recibieron un emotivo homenaje de despedida en un almuerzo de confraternizaci\u00f3n celebrado el pasado viernes, 19 de diciembre, en el Centro Democr\u00e1tico de M\u00e1guez.<\/p>\n","protected":false},"author":2,"featured_media":0,"comment_status":"closed","ping_status":"closed","sticky":false,"template":"","format":"standard","meta":{"footnotes":""},"categories":[11],"tags":[],"class_list":["post-4558","post","type-post","status-publish","format-standard","hentry","category-hoja-de-haria"],"_links":{"self":[{"href":"https:\/\/www.ayuntamientodeharia.com\/haria\/wp-json\/wp\/v2\/posts\/4558","targetHints":{"allow":["GET"]}}],"collection":[{"href":"https:\/\/www.ayuntamientodeharia.com\/haria\/wp-json\/wp\/v2\/posts"}],"about":[{"href":"https:\/\/www.ayuntamientodeharia.com\/haria\/wp-json\/wp\/v2\/types\/post"}],"author":[{"embeddable":true,"href":"https:\/\/www.ayuntamientodeharia.com\/haria\/wp-json\/wp\/v2\/users\/2"}],"replies":[{"embeddable":true,"href":"https:\/\/www.ayuntamientodeharia.com\/haria\/wp-json\/wp\/v2\/comments?post=4558"}],"version-history":[{"count":0,"href":"https:\/\/www.ayuntamientodeharia.com\/haria\/wp-json\/wp\/v2\/posts\/4558\/revisions"}],"wp:attachment":[{"href":"https:\/\/www.ayuntamientodeharia.com\/haria\/wp-json\/wp\/v2\/media?parent=4558"}],"wp:term":[{"taxonomy":"category","embeddable":true,"href":"https:\/\/www.ayuntamientodeharia.com\/haria\/wp-json\/wp\/v2\/categories?post=4558"},{"taxonomy":"post_tag","embeddable":true,"href":"https:\/\/www.ayuntamientodeharia.com\/haria\/wp-json\/wp\/v2\/tags?post=4558"}],"curies":[{"name":"wp","href":"https:\/\/api.w.org\/{rel}","templated":true}]}}