{"id":4546,"date":"2016-04-12T09:26:57","date_gmt":"2016-04-12T09:26:57","guid":{"rendered":"http:\/\/www.ayuntamientodeharia.com\/haria\/?p=4546"},"modified":"2016-04-12T09:26:57","modified_gmt":"2016-04-12T09:26:57","slug":"la-pelicula-la-piedra-protagonizada-por-santiago-navarro-se-proyectara-en-el-centro-sociocultural-la-tegala","status":"publish","type":"post","link":"https:\/\/www.ayuntamientodeharia.com\/haria\/la-pelicula-la-piedra-protagonizada-por-santiago-navarro-se-proyectara-en-el-centro-sociocultural-la-tegala\/","title":{"rendered":"La pel\u00edcula \u2018La Piedra\u2019, protagonizada por Santiago Navarro, se proyectar\u00e1 en el Centro Sociocultural La Tegala"},"content":{"rendered":"<p><a href=\"http:\/\/www.ayuntamientodeharia.com\/haria\/wp-content\/uploads\/2016\/04\/la-piedra.jpg\"><img decoding=\"async\" class=\"alignleft size-thumbnail wp-image-4556\" src=\"http:\/\/www.ayuntamientodeharia.com\/haria\/wp-content\/uploads\/2016\/04\/la-piedra-150x150.jpg\" alt=\"la piedra\" width=\"150\" height=\"150\" \/><\/a>El pr\u00f3ximo viernes, 26 de diciembre, a las 20:00 horas, se proyectar\u00e1 en el Centro Sociocultural La Tegala la pel\u00edcula La Piedra, rodada en Har\u00eda por V\u00edctor Moreno en el a\u00f1o 2013 y que tiene como protagonista al artesano Santiago Navarro Fern\u00e1ndez.<\/p>\n<p><!--more--><\/p>\n<p>&nbsp;<\/p>\n<p>&nbsp;<\/p>\n<p>V\u00edctor Moreno conoci\u00f3 a Santiago Navarro en la feria ITB de Berl\u00edn, donde descubri\u00f3 que su trabajo con la piedra estaba descontextualizado, por lo que decidi\u00f3 trasladarse al pueblo de Har\u00eda para grabarlo en su entorno.<\/p>\n<p>La Piedra recibi\u00f3 el segundo premio del 43 Festival de Cine de Alcal\u00e1 de Henares (Alcine).<\/p>\n<p>&nbsp;<\/p>\n<p>La proyecci\u00f3n de esta pel\u00edcula forma parte de las acciones incluidas en el proyecto Isla de Cine, dirigido a difundir el cine hecho en Canarias, seg\u00fan el acuerdo de colaboraci\u00f3n establecido entre Canarias Cultura en Red y el Ayuntamiento de Har\u00eda.<\/p>\n","protected":false},"excerpt":{"rendered":"<p>El pr\u00f3ximo viernes, 26 de diciembre, a las 20:00 horas, se proyectar\u00e1 en el Centro Sociocultural La Tegala la pel\u00edcula La Piedra, rodada en Har\u00eda por V\u00edctor Moreno en el a\u00f1o 2013 y que tiene como protagonista al artesano Santiago Navarro Fern\u00e1ndez.<\/p>\n","protected":false},"author":2,"featured_media":0,"comment_status":"closed","ping_status":"closed","sticky":false,"template":"","format":"standard","meta":{"footnotes":""},"categories":[16,11],"tags":[],"class_list":["post-4546","post","type-post","status-publish","format-standard","hentry","category-cultura","category-hoja-de-haria"],"_links":{"self":[{"href":"https:\/\/www.ayuntamientodeharia.com\/haria\/wp-json\/wp\/v2\/posts\/4546","targetHints":{"allow":["GET"]}}],"collection":[{"href":"https:\/\/www.ayuntamientodeharia.com\/haria\/wp-json\/wp\/v2\/posts"}],"about":[{"href":"https:\/\/www.ayuntamientodeharia.com\/haria\/wp-json\/wp\/v2\/types\/post"}],"author":[{"embeddable":true,"href":"https:\/\/www.ayuntamientodeharia.com\/haria\/wp-json\/wp\/v2\/users\/2"}],"replies":[{"embeddable":true,"href":"https:\/\/www.ayuntamientodeharia.com\/haria\/wp-json\/wp\/v2\/comments?post=4546"}],"version-history":[{"count":0,"href":"https:\/\/www.ayuntamientodeharia.com\/haria\/wp-json\/wp\/v2\/posts\/4546\/revisions"}],"wp:attachment":[{"href":"https:\/\/www.ayuntamientodeharia.com\/haria\/wp-json\/wp\/v2\/media?parent=4546"}],"wp:term":[{"taxonomy":"category","embeddable":true,"href":"https:\/\/www.ayuntamientodeharia.com\/haria\/wp-json\/wp\/v2\/categories?post=4546"},{"taxonomy":"post_tag","embeddable":true,"href":"https:\/\/www.ayuntamientodeharia.com\/haria\/wp-json\/wp\/v2\/tags?post=4546"}],"curies":[{"name":"wp","href":"https:\/\/api.w.org\/{rel}","templated":true}]}}