{"id":4543,"date":"2016-04-12T09:16:13","date_gmt":"2016-04-12T09:16:13","guid":{"rendered":"http:\/\/www.ayuntamientodeharia.com\/haria\/?p=4543"},"modified":"2016-04-12T09:16:29","modified_gmt":"2016-04-12T09:16:29","slug":"fiestas-de-navidad-y-reyes-haria-201415-2","status":"publish","type":"post","link":"https:\/\/www.ayuntamientodeharia.com\/haria\/fiestas-de-navidad-y-reyes-haria-201415-2\/","title":{"rendered":"Fiestas de Navidad y Reyes &#8211; Har\u00eda 2014\/15"},"content":{"rendered":"<p><strong>Martes, 23 de diciembre:<\/strong><\/p>\n<p>&nbsp;<\/p>\n<p><em> De 17:00 a 19:30 h.-<\/em> Continuaci\u00f3n del taller de centros de flores naturales.<\/p>\n<p><!--more--><\/p>\n<p>&nbsp;<\/p>\n<p>&nbsp;<\/p>\n<p><strong> Mi\u00e9rcoles, 24 de diciembre: <\/strong><\/p>\n<p>&nbsp;<\/p>\n<p><em>24:00 h.-<\/em> Misa del Gallo amenizada por el Rancho de Pascuas y recitaci\u00f3n de versos a cargo de los ni\u00f1os del municipio. A continuaci\u00f3n, baile en el Centro Sociocultural La Tegala de Har\u00eda.<\/p>\n<p>&nbsp;<\/p>\n<p><strong> Viernes, 26 de diciembre: <\/strong><\/p>\n<p>&nbsp;<\/p>\n<p><em>20:00 h.-<\/em> Proyecci\u00f3n del documental \u2018La Piedra\u2019, dirigido por V\u00edctor Moreno, en la sala teatro del Centro Sociocultural La Tegala de Har\u00eda, tras el acuerdo de colaboraci\u00f3n suscrito entre Canarias Cultura en Red y el Ayuntamiento de Har\u00eda.<\/p>\n<p>&nbsp;<\/p>\n<p><em> 21:00 h.<\/em>&#8211; \u2018Amar Diciembre\u2019, espect\u00e1culo de Miguel Afonso acompa\u00f1ado por M\u00f3nica S\u00e1nchez y su banda.<\/p>\n<p>&nbsp;<\/p>\n<p><strong> S\u00e1bado, 27 de diciembre:<\/strong><\/p>\n<p>&nbsp;<\/p>\n<p><em> 12:00 h.<\/em>&#8211; Actuaci\u00f3n del Rancho de Pascuas de Har\u00eda en el Mercadillo Artesanal de Har\u00eda.<\/p>\n<p>&nbsp;<\/p>\n<p><em>20:30 h.-<\/em> Concierto de Navidad a cargo del grupo Acatife acompa\u00f1ado por coros escolares de varios municipios.<\/p>\n<p>&nbsp;<\/p>\n<p><strong>Domingo, 28 de diciembre:<\/strong><\/p>\n<p>&nbsp;<\/p>\n<p><em> 09:00 h.-<\/em> Excursi\u00f3n por la Isla y almuerzo para visitar los Belenes Municipales. La guagua saldr\u00e1 desde la Plaza de Har\u00eda y pasar\u00e1 por los distintos pueblos. Informaci\u00f3n e inscripci\u00f3n en el Departamento de Cultura y en el Centro de la Tercera Edad, antes del martes 23 de diciembre<\/p>\n<p>&nbsp;<\/p>\n<p><strong>Lunes, 29 de diciembre: <\/strong><\/p>\n<p>&nbsp;<\/p>\n<p><em>De 17:00 a 19:00 h.-<\/em> Taller infantil de m\u00f3viles navide\u00f1os, donde cada ni\u00f1o elaborar\u00e1 un m\u00f3vil con motivos navide\u00f1os personaliz\u00e1ndolo seg\u00fan su creatividad y habilidad.<\/p>\n<p>&nbsp;<\/p>\n<p><strong> Martes, 30 de diciembre: <\/strong><\/p>\n<p>&nbsp;<\/p>\n<p><em>De 17:00 a 19:00 h.-<\/em> Taller infantil de Cake Pops. Un divertido y dulce taller donde se elaborar\u00e1n, decorar\u00e1n y degustar\u00e1n cake pops reci\u00e9n hechos. Tambi\u00e9n se empaquetar\u00e1n algunos para regalar.<\/p>\n<p>&nbsp;<\/p>\n<p><em>19:30 h.-<\/em> Teatro de T\u00edteres \u2018El viaje de Musa\u2019, donde la protagonista, una ni\u00f1a llamada Musa, espera ilusionada lo mejor de la Navidad\u2026<\/p>\n<p>&nbsp;<\/p>\n<p><strong>Viernes, 2 de enero: <\/strong><\/p>\n<p>&nbsp;<\/p>\n<p><em>16:30-20:00 h.<\/em>&#8211; Rastro de Navidad.<\/p>\n<p>&nbsp;<\/p>\n<p><em>20:30 h.-<\/em> VIII Edici\u00f3n del Festival de Circo Teatro \u2018Malabhar\u00eda\u2019 Gala de apertura presentada por el Capit\u00e1n Maravilla con la actuaci\u00f3n de la compa\u00f1\u00eda Vaiv\u00e9n Circo (banquinas, Espa\u00f1a); la compa\u00f1\u00eda Zen del Sur (verticales y danza, Espa\u00f1a); el grupo Santimbanqui (monociclo, Argentina); Fuman (clown, m\u00fasica) y Toto (malabares, Chile).<\/p>\n<p>&nbsp;<\/p>\n<p><strong>S\u00e1bado, 3 de enero: <\/strong><\/p>\n<p>&nbsp;<\/p>\n<p><em>16:30-20:00 h.-<\/em> Rastro de Navidad. VIII Edici\u00f3n del Festival de Circo Teatro \u2018Malabhar\u00eda\u2019<\/p>\n<p>&nbsp;<\/p>\n<p><em>17:30 h.-<\/em> Espect\u00e1culo de clown y m\u00fasica a cargo de Fuman (Espa\u00f1a).<\/p>\n<p>&nbsp;<\/p>\n<p><em> 20:30 h.-<\/em> Actuaci\u00f3n de la compa\u00f1\u00eda Zen del Sur (Espa\u00f1a).<\/p>\n<p>&nbsp;<\/p>\n<p><strong> Domingo, 4 de enero: <\/strong><\/p>\n<p>&nbsp;<\/p>\n<p><em>16:30-20:00 h.-<\/em> Rastro de Navidad. VIII Edici\u00f3n del Festival de Circo Teatro \u2018Malabhar\u00eda\u2019<\/p>\n<p>&nbsp;<\/p>\n<p><em>12:30 h.-<\/em> Actuaci\u00f3n del grupo Santimbanqui (Argentina).<\/p>\n<p>&nbsp;<\/p>\n<p><em>17:30 h.-<\/em> Actuaci\u00f3n de la compa\u00f1\u00eda Vaiv\u00e9n Circo (Espa\u00f1a).<\/p>\n<p>&nbsp;<\/p>\n<p><em>18:30 h.-<\/em> Recogida de cartas por el Paje de SS.MM. los Reyes Magos de Oriente en el Centro Sociocultural La Tegala de Har\u00eda.<\/p>\n<p>&nbsp;<\/p>\n<p><em> 20:30 h.-<\/em> Gala de clausura del Festival presentada por el Capit\u00e1n Maravilla con la actuaci\u00f3n de Ayal Benin (freesbi, Israel); Alfa Marks (cuerda vertical, Inglaterra); Carolina Bustamante (trapecio, Espa\u00f1a); Michael Ferreri (malabares, Espa\u00f1a) y Toto (malabares con luz, Chile).<\/p>\n<p>&nbsp;<\/p>\n<p><strong> Lunes, 5 de enero: <\/strong><\/p>\n<p>&nbsp;<\/p>\n<p><em>16:30 h.-<\/em> Espect\u00e1culo infantil en el Muelle de Arrieta. A continuaci\u00f3n, acto de bienvenida de SS.MM. los Reyes Magos de Oriente y visita a los diferentes pueblos de municipio.<\/p>\n<p>&nbsp;<\/p>\n<p><em>20:30 h.-<\/em> Tradicional Cabalgata de Reyes por las calle de Har\u00eda, con la representaci\u00f3n de la `Casa de Herodes\u2019, y reparto de regalos en la Plaza de Har\u00eda.<\/p>\n","protected":false},"excerpt":{"rendered":"<p>Martes, 23 de diciembre: &nbsp; De 17:00 a 19:30 h.- Continuaci\u00f3n del taller de centros de flores naturales.<\/p>\n","protected":false},"author":2,"featured_media":0,"comment_status":"closed","ping_status":"closed","sticky":false,"template":"","format":"standard","meta":{"footnotes":""},"categories":[15,11],"tags":[],"class_list":["post-4543","post","type-post","status-publish","format-standard","hentry","category-festejos","category-hoja-de-haria"],"_links":{"self":[{"href":"https:\/\/www.ayuntamientodeharia.com\/haria\/wp-json\/wp\/v2\/posts\/4543","targetHints":{"allow":["GET"]}}],"collection":[{"href":"https:\/\/www.ayuntamientodeharia.com\/haria\/wp-json\/wp\/v2\/posts"}],"about":[{"href":"https:\/\/www.ayuntamientodeharia.com\/haria\/wp-json\/wp\/v2\/types\/post"}],"author":[{"embeddable":true,"href":"https:\/\/www.ayuntamientodeharia.com\/haria\/wp-json\/wp\/v2\/users\/2"}],"replies":[{"embeddable":true,"href":"https:\/\/www.ayuntamientodeharia.com\/haria\/wp-json\/wp\/v2\/comments?post=4543"}],"version-history":[{"count":0,"href":"https:\/\/www.ayuntamientodeharia.com\/haria\/wp-json\/wp\/v2\/posts\/4543\/revisions"}],"wp:attachment":[{"href":"https:\/\/www.ayuntamientodeharia.com\/haria\/wp-json\/wp\/v2\/media?parent=4543"}],"wp:term":[{"taxonomy":"category","embeddable":true,"href":"https:\/\/www.ayuntamientodeharia.com\/haria\/wp-json\/wp\/v2\/categories?post=4543"},{"taxonomy":"post_tag","embeddable":true,"href":"https:\/\/www.ayuntamientodeharia.com\/haria\/wp-json\/wp\/v2\/tags?post=4543"}],"curies":[{"name":"wp","href":"https:\/\/api.w.org\/{rel}","templated":true}]}}