{"id":4527,"date":"2016-04-12T08:31:47","date_gmt":"2016-04-12T08:31:47","guid":{"rendered":"http:\/\/www.ayuntamientodeharia.com\/haria\/?p=4527"},"modified":"2016-04-12T08:32:41","modified_gmt":"2016-04-12T08:32:41","slug":"artistas-nacionales-e-internacionales-de-prestigio-se-daran-cita-en-el-festival-de-circo-teatro-malabharia-2","status":"publish","type":"post","link":"https:\/\/www.ayuntamientodeharia.com\/haria\/artistas-nacionales-e-internacionales-de-prestigio-se-daran-cita-en-el-festival-de-circo-teatro-malabharia-2\/","title":{"rendered":"Artistas nacionales e internacionales de prestigio se dar\u00e1n cita en el Festival de Circo-Teatro \u2018MalabHar\u00eda\u2019"},"content":{"rendered":"<h6><a href=\"http:\/\/www.ayuntamientodeharia.com\/haria\/wp-content\/uploads\/2016\/04\/8\u00ba-encuento-Malabharia.jpg\"><img decoding=\"async\" class=\"alignleft  wp-image-4494\" src=\"http:\/\/www.ayuntamientodeharia.com\/haria\/wp-content\/uploads\/2016\/04\/8\u00ba-encuento-Malabharia-193x300.jpg\" alt=\"8\u00ba encuento Malabharia\" width=\"134\" height=\"203\" \/><\/a>Este evento, que nace para crear un espacio cultural diferente, se desarrolla del 2 al 4 de enero en la carpa ubicada junto a la Plaza de Har\u00eda.<\/h6>\n<p>&nbsp;<\/p>\n<p>Los d\u00edas 2, 3 y 4 de enero, Har\u00eda ser\u00e1 el epicentro cultural y art\u00edstico de la isla de Lanzarote, con un gran n\u00famero de espect\u00e1culos en formato diurno y nocturno dentro del Festival Internacional de Circo-Teatro \u2018Malabhar\u00eda\u2019, que este a\u00f1o cumple su octava edici\u00f3n, y que contar\u00e1 con la presencia de destacados grupos nacionales e internacionales de reconocido prestigio en el \u00e1mbito del circo de calle.<\/p>\n<p><!--more--><\/p>\n<p>&nbsp;<\/p>\n<p>&nbsp;<\/p>\n<p>Este evento, promovido por el Ayuntamiento de Har\u00eda, a trav\u00e9s de la Concejal\u00eda de Juventud, nace para crear un espacio cultural lleno de ojos chispeantes y corazones asombrados en unas fechas donde el p\u00fablico familiar est\u00e1 predispuesto a disfrutar del buen hacer de los artistas invitados.<\/p>\n<p>&nbsp;<\/p>\n<p>Un Festival que crece a\u00f1o tras a\u00f1o y que ofrece un mundo cargado de malabares, risas y alto nivel t\u00e9cnico en forma de espect\u00e1culos novedosos y artistas impresionantes de la talla de Capit\u00e1n Maravilla, Loco Brusca, Hermanos Infoncundibles, Jes\u00fas Fornies, Javier Rosado, Nono, Manolo Carambolas, Javichy, Pepe Viyuela, Malabreikers o Cirkea, que han pasado ya el \u2018examen\u2019 del experimentado p\u00fablico de Har\u00eda.<\/p>\n<p>&nbsp;<\/p>\n<p>Y es que el buen gusto en la elecci\u00f3n del programa y la originalidad de su formato han hecho que, a\u00f1o tras a\u00f1o, este peque\u00f1o Festival del norte de Lanzarote haya cobrado una importancia considerable en el mundo del circo.<\/p>\n<p>&nbsp;<\/p>\n<p>M\u00e1s informaci\u00f3n en la web www.malabharia.com.<\/p>\n<p>&nbsp;<\/p>\n<p><a href=\"http:\/\/www.ayuntamientodeharia.com\/haria\/wp-content\/uploads\/2016\/04\/Malabharia.jpg\"><img decoding=\"async\" class=\"alignleft  wp-image-4496\" src=\"http:\/\/www.ayuntamientodeharia.com\/haria\/wp-content\/uploads\/2016\/04\/Malabharia-220x300.jpg\" alt=\"Malabharia\" width=\"211\" height=\"233\" \/><\/a> <a href=\"http:\/\/www.ayuntamientodeharia.com\/haria\/wp-content\/uploads\/2016\/04\/Malabharia2.jpg\"><img decoding=\"async\" class=\"alignleft  wp-image-4497\" src=\"http:\/\/www.ayuntamientodeharia.com\/haria\/wp-content\/uploads\/2016\/04\/Malabharia2-300x199.jpg\" alt=\"Malabharia2\" width=\"176\" height=\"120\" \/><\/a> <a href=\"http:\/\/www.ayuntamientodeharia.com\/haria\/wp-content\/uploads\/2016\/04\/Malabharia3.jpg\"><img loading=\"lazy\" decoding=\"async\" class=\"alignleft  wp-image-4498\" src=\"http:\/\/www.ayuntamientodeharia.com\/haria\/wp-content\/uploads\/2016\/04\/Malabharia3-300x199.jpg\" alt=\"Malabharia3\" width=\"202\" height=\"122\" \/><\/a> <a href=\"http:\/\/www.ayuntamientodeharia.com\/haria\/wp-content\/uploads\/2016\/04\/Malabharia4.jpg\"><img loading=\"lazy\" decoding=\"async\" class=\"alignleft  wp-image-4499\" src=\"http:\/\/www.ayuntamientodeharia.com\/haria\/wp-content\/uploads\/2016\/04\/Malabharia4-150x150.jpg\" alt=\"Malabharia4\" width=\"169\" height=\"144\" \/><\/a><\/p>\n","protected":false},"excerpt":{"rendered":"<p>Este evento, que nace para crear un espacio cultural diferente, se desarrolla del 2 al 4 de enero en la carpa ubicada junto a la Plaza de Har\u00eda. &nbsp; Los d\u00edas 2, 3 y 4 de enero, Har\u00eda ser\u00e1 el epicentro cultural y art\u00edstico de la isla de Lanzarote, con un gran n\u00famero de espect\u00e1culos [&hellip;]<\/p>\n","protected":false},"author":2,"featured_media":0,"comment_status":"closed","ping_status":"closed","sticky":false,"template":"","format":"standard","meta":{"footnotes":""},"categories":[11,25],"tags":[],"class_list":["post-4527","post","type-post","status-publish","format-standard","hentry","category-hoja-de-haria","category-juventud"],"_links":{"self":[{"href":"https:\/\/www.ayuntamientodeharia.com\/haria\/wp-json\/wp\/v2\/posts\/4527","targetHints":{"allow":["GET"]}}],"collection":[{"href":"https:\/\/www.ayuntamientodeharia.com\/haria\/wp-json\/wp\/v2\/posts"}],"about":[{"href":"https:\/\/www.ayuntamientodeharia.com\/haria\/wp-json\/wp\/v2\/types\/post"}],"author":[{"embeddable":true,"href":"https:\/\/www.ayuntamientodeharia.com\/haria\/wp-json\/wp\/v2\/users\/2"}],"replies":[{"embeddable":true,"href":"https:\/\/www.ayuntamientodeharia.com\/haria\/wp-json\/wp\/v2\/comments?post=4527"}],"version-history":[{"count":0,"href":"https:\/\/www.ayuntamientodeharia.com\/haria\/wp-json\/wp\/v2\/posts\/4527\/revisions"}],"wp:attachment":[{"href":"https:\/\/www.ayuntamientodeharia.com\/haria\/wp-json\/wp\/v2\/media?parent=4527"}],"wp:term":[{"taxonomy":"category","embeddable":true,"href":"https:\/\/www.ayuntamientodeharia.com\/haria\/wp-json\/wp\/v2\/categories?post=4527"},{"taxonomy":"post_tag","embeddable":true,"href":"https:\/\/www.ayuntamientodeharia.com\/haria\/wp-json\/wp\/v2\/tags?post=4527"}],"curies":[{"name":"wp","href":"https:\/\/api.w.org\/{rel}","templated":true}]}}