{"id":4523,"date":"2016-04-12T08:25:14","date_gmt":"2016-04-12T08:25:14","guid":{"rendered":"http:\/\/www.ayuntamientodeharia.com\/haria\/?p=4523"},"modified":"2016-04-12T08:25:14","modified_gmt":"2016-04-12T08:25:14","slug":"el-rancho-de-pascuas-recorre-las-calles-de-haria-para-felicitar-a-los-vecinos","status":"publish","type":"post","link":"https:\/\/www.ayuntamientodeharia.com\/haria\/el-rancho-de-pascuas-recorre-las-calles-de-haria-para-felicitar-a-los-vecinos\/","title":{"rendered":"El Rancho de Pascuas recorre las calles de Har\u00eda para felicitar a los vecinos"},"content":{"rendered":"<p><a href=\"http:\/\/www.ayuntamientodeharia.com\/haria\/wp-content\/uploads\/2016\/04\/vecinos-de-haria.jpg\"><img decoding=\"async\" class=\"alignleft  wp-image-4500\" src=\"http:\/\/www.ayuntamientodeharia.com\/haria\/wp-content\/uploads\/2016\/04\/vecinos-de-haria-300x163.jpg\" alt=\"vecinos de haria\" width=\"218\" height=\"122\" \/><\/a>La pasada noche, el Rancho de Pascuas de Har\u00eda recorri\u00f3 las calles del pueblo animando con sus toques y cantos a los vecinos que,<\/p>\n<p><!--more--><\/p>\n<p>&nbsp;<\/p>\n<p>&nbsp;<\/p>\n<p>expectantes, se asomaban a las puertas de sus casas para felicitarles y convidarles con dulce y licores, como se hac\u00eda antiguamente.El Rancho de Pascuas ha querido recuperar esta tradici\u00f3n navide\u00f1a tan arraigada en Canarias y felicitar as\u00ed a todos los vecinos del pueblo de Har\u00eda.<\/p>\n","protected":false},"excerpt":{"rendered":"<p>La pasada noche, el Rancho de Pascuas de Har\u00eda recorri\u00f3 las calles del pueblo animando con sus toques y cantos a los vecinos que,<\/p>\n","protected":false},"author":2,"featured_media":0,"comment_status":"closed","ping_status":"closed","sticky":false,"template":"","format":"standard","meta":{"footnotes":""},"categories":[16,11],"tags":[],"class_list":["post-4523","post","type-post","status-publish","format-standard","hentry","category-cultura","category-hoja-de-haria"],"_links":{"self":[{"href":"https:\/\/www.ayuntamientodeharia.com\/haria\/wp-json\/wp\/v2\/posts\/4523","targetHints":{"allow":["GET"]}}],"collection":[{"href":"https:\/\/www.ayuntamientodeharia.com\/haria\/wp-json\/wp\/v2\/posts"}],"about":[{"href":"https:\/\/www.ayuntamientodeharia.com\/haria\/wp-json\/wp\/v2\/types\/post"}],"author":[{"embeddable":true,"href":"https:\/\/www.ayuntamientodeharia.com\/haria\/wp-json\/wp\/v2\/users\/2"}],"replies":[{"embeddable":true,"href":"https:\/\/www.ayuntamientodeharia.com\/haria\/wp-json\/wp\/v2\/comments?post=4523"}],"version-history":[{"count":0,"href":"https:\/\/www.ayuntamientodeharia.com\/haria\/wp-json\/wp\/v2\/posts\/4523\/revisions"}],"wp:attachment":[{"href":"https:\/\/www.ayuntamientodeharia.com\/haria\/wp-json\/wp\/v2\/media?parent=4523"}],"wp:term":[{"taxonomy":"category","embeddable":true,"href":"https:\/\/www.ayuntamientodeharia.com\/haria\/wp-json\/wp\/v2\/categories?post=4523"},{"taxonomy":"post_tag","embeddable":true,"href":"https:\/\/www.ayuntamientodeharia.com\/haria\/wp-json\/wp\/v2\/tags?post=4523"}],"curies":[{"name":"wp","href":"https:\/\/api.w.org\/{rel}","templated":true}]}}