{"id":4521,"date":"2016-04-12T08:22:14","date_gmt":"2016-04-12T08:22:14","guid":{"rendered":"http:\/\/www.ayuntamientodeharia.com\/haria\/?p=4521"},"modified":"2016-04-12T08:22:14","modified_gmt":"2016-04-12T08:22:14","slug":"reunion-con-los-carroceros-y-los-vecinos-de-tabayesco-para-organizar-las-fiestas","status":"publish","type":"post","link":"https:\/\/www.ayuntamientodeharia.com\/haria\/reunion-con-los-carroceros-y-los-vecinos-de-tabayesco-para-organizar-las-fiestas\/","title":{"rendered":"Reuni\u00f3n con los carroceros y los vecinos de Tabayesco para organizar las fiestas"},"content":{"rendered":"<p>La Concejal\u00eda de Festejos convoca a los carroceros del municipio interesados en participar en los diferentes desfiles de Carnaval de la Isla a una reuni\u00f3n informativa que tendr\u00e1 lugar el mi\u00e9rcoles, 7 de enero, a las 19:30 horas, en el Sal\u00f3n de Plenos del Ayuntamiento.<\/p>\n<p><!--more--><\/p>\n<p>&nbsp;<\/p>\n<p>Se convoca tambi\u00e9n a los vecinos del pueblo de Tabayesco a un encuentro de trabajo que tendr\u00e1 lugar el viernes, 9 de enero, a las 19:30 horas, en los salones del Teleclub, al objeto de confeccionar el programa de actos de las Fiestas de Nuestra Se\u00f1ora de La Candelaria.<\/p>\n","protected":false},"excerpt":{"rendered":"<p>La Concejal\u00eda de Festejos convoca a los carroceros del municipio interesados en participar en los diferentes desfiles de Carnaval de la Isla a una reuni\u00f3n informativa que tendr\u00e1 lugar el mi\u00e9rcoles, 7 de enero, a las 19:30 horas, en el Sal\u00f3n de Plenos del Ayuntamiento.<\/p>\n","protected":false},"author":2,"featured_media":0,"comment_status":"closed","ping_status":"closed","sticky":false,"template":"","format":"standard","meta":{"footnotes":""},"categories":[32,11],"tags":[],"class_list":["post-4521","post","type-post","status-publish","format-standard","hentry","category-anuncios","category-hoja-de-haria"],"_links":{"self":[{"href":"https:\/\/www.ayuntamientodeharia.com\/haria\/wp-json\/wp\/v2\/posts\/4521","targetHints":{"allow":["GET"]}}],"collection":[{"href":"https:\/\/www.ayuntamientodeharia.com\/haria\/wp-json\/wp\/v2\/posts"}],"about":[{"href":"https:\/\/www.ayuntamientodeharia.com\/haria\/wp-json\/wp\/v2\/types\/post"}],"author":[{"embeddable":true,"href":"https:\/\/www.ayuntamientodeharia.com\/haria\/wp-json\/wp\/v2\/users\/2"}],"replies":[{"embeddable":true,"href":"https:\/\/www.ayuntamientodeharia.com\/haria\/wp-json\/wp\/v2\/comments?post=4521"}],"version-history":[{"count":0,"href":"https:\/\/www.ayuntamientodeharia.com\/haria\/wp-json\/wp\/v2\/posts\/4521\/revisions"}],"wp:attachment":[{"href":"https:\/\/www.ayuntamientodeharia.com\/haria\/wp-json\/wp\/v2\/media?parent=4521"}],"wp:term":[{"taxonomy":"category","embeddable":true,"href":"https:\/\/www.ayuntamientodeharia.com\/haria\/wp-json\/wp\/v2\/categories?post=4521"},{"taxonomy":"post_tag","embeddable":true,"href":"https:\/\/www.ayuntamientodeharia.com\/haria\/wp-json\/wp\/v2\/tags?post=4521"}],"curies":[{"name":"wp","href":"https:\/\/api.w.org\/{rel}","templated":true}]}}