{"id":4507,"date":"2016-04-12T08:10:30","date_gmt":"2016-04-12T08:10:30","guid":{"rendered":"http:\/\/www.ayuntamientodeharia.com\/haria\/?p=4507"},"modified":"2016-04-12T08:10:30","modified_gmt":"2016-04-12T08:10:30","slug":"fiestas-de-navidad-y-reyes-haria-201415","status":"publish","type":"post","link":"https:\/\/www.ayuntamientodeharia.com\/haria\/fiestas-de-navidad-y-reyes-haria-201415\/","title":{"rendered":"Fiestas de Navidad y Reyes &#8211; Har\u00eda 2014\/15"},"content":{"rendered":"<p><strong><a href=\"http:\/\/www.ayuntamientodeharia.com\/haria\/wp-content\/uploads\/2016\/04\/Fiestas-de-Navidad-y-Reyes.jpg\"><img decoding=\"async\" class=\"alignleft  wp-image-4495\" src=\"http:\/\/www.ayuntamientodeharia.com\/haria\/wp-content\/uploads\/2016\/04\/Fiestas-de-Navidad-y-Reyes-300x219.jpg\" alt=\"Fiestas de Navidad y Reyes\" width=\"242\" height=\"179\" \/><\/a>Martes, 30 de diciembre:<\/strong><\/p>\n<p><em>De 17:00 a 19:00 h.-<\/em> \u00a0 Taller infantil de Cake Pops. Un divertido y dulce taller donde se elaborar\u00e1n, decorar\u00e1n y degustar\u00e1n los cake pops reci\u00e9n hechos. Tambi\u00e9n se empaquetar\u00e1n algunos para regalar.<\/p>\n<p>&nbsp;<\/p>\n<p><em>19:30 h.<\/em>&#8211; Teatro de T\u00edteres \u2018El viaje de Musa\u2019, donde la protagonista, una ni\u00f1a llamada Musa, espera ilusionada lo mejor de la Navidad\u2026<\/p>\n<p>&nbsp;<\/p>\n<p><strong>Viernes, 2 de enero: <\/strong><\/p>\n<p>&nbsp;<\/p>\n<p><em>16:30-20:00 h.<\/em>&#8211; Rastro de Navidad<\/p>\n<p><!--more--><\/p>\n<p>&nbsp;<\/p>\n<p><strong>S\u00e1bado, 3 de enero:<\/strong><\/p>\n<p>&nbsp;<\/p>\n<p><em> 16:30-20:00 h<\/em>.- Rastro de Navidad.<\/p>\n<p>&nbsp;<\/p>\n<p><strong>Domingo, 4 de enero: <\/strong><\/p>\n<p>&nbsp;<\/p>\n<p><em>16:30-20:00 h<\/em>.- Rastro de Navidad.<\/p>\n<p>&nbsp;<\/p>\n<p><strong>Lunes, 5 de enero:<\/strong><\/p>\n<p>&nbsp;<\/p>\n<p><em> 16:30 h<\/em>.- \u00a0Espect\u00e1culo infantil en el Muelle de Arrieta. A continuaci\u00f3n, acto de bienvenida de SS.MM. los Reyes Magos de Oriente y visita a los diferentes pueblos de municipio.<\/p>\n<p>&nbsp;<\/p>\n<p><em>20:30 h<\/em>.- Tradicional Cabalgata de Reyes Magos por las calle de Har\u00eda, con la representaci\u00f3n de la \u2018Casa de Herodes\u2019, para finalizar con el reparto de regalos en la Plaza de Har\u00eda.<\/p>\n","protected":false},"excerpt":{"rendered":"<p>Martes, 30 de diciembre: De 17:00 a 19:00 h.- \u00a0 Taller infantil de Cake Pops. Un divertido y dulce taller donde se elaborar\u00e1n, decorar\u00e1n y degustar\u00e1n los cake pops reci\u00e9n hechos. Tambi\u00e9n se empaquetar\u00e1n algunos para regalar. &nbsp; 19:30 h.&#8211; Teatro de T\u00edteres \u2018El viaje de Musa\u2019, donde la protagonista, una ni\u00f1a llamada Musa, espera [&hellip;]<\/p>\n","protected":false},"author":2,"featured_media":0,"comment_status":"closed","ping_status":"closed","sticky":false,"template":"","format":"standard","meta":{"footnotes":""},"categories":[15,11],"tags":[],"class_list":["post-4507","post","type-post","status-publish","format-standard","hentry","category-festejos","category-hoja-de-haria"],"_links":{"self":[{"href":"https:\/\/www.ayuntamientodeharia.com\/haria\/wp-json\/wp\/v2\/posts\/4507","targetHints":{"allow":["GET"]}}],"collection":[{"href":"https:\/\/www.ayuntamientodeharia.com\/haria\/wp-json\/wp\/v2\/posts"}],"about":[{"href":"https:\/\/www.ayuntamientodeharia.com\/haria\/wp-json\/wp\/v2\/types\/post"}],"author":[{"embeddable":true,"href":"https:\/\/www.ayuntamientodeharia.com\/haria\/wp-json\/wp\/v2\/users\/2"}],"replies":[{"embeddable":true,"href":"https:\/\/www.ayuntamientodeharia.com\/haria\/wp-json\/wp\/v2\/comments?post=4507"}],"version-history":[{"count":0,"href":"https:\/\/www.ayuntamientodeharia.com\/haria\/wp-json\/wp\/v2\/posts\/4507\/revisions"}],"wp:attachment":[{"href":"https:\/\/www.ayuntamientodeharia.com\/haria\/wp-json\/wp\/v2\/media?parent=4507"}],"wp:term":[{"taxonomy":"category","embeddable":true,"href":"https:\/\/www.ayuntamientodeharia.com\/haria\/wp-json\/wp\/v2\/categories?post=4507"},{"taxonomy":"post_tag","embeddable":true,"href":"https:\/\/www.ayuntamientodeharia.com\/haria\/wp-json\/wp\/v2\/tags?post=4507"}],"curies":[{"name":"wp","href":"https:\/\/api.w.org\/{rel}","templated":true}]}}