{"id":4501,"date":"2016-04-12T07:58:00","date_gmt":"2016-04-12T07:58:00","guid":{"rendered":"http:\/\/www.ayuntamientodeharia.com\/haria\/?p=4501"},"modified":"2016-04-12T07:59:07","modified_gmt":"2016-04-12T07:59:07","slug":"a-quien-pertenece-la-cueva-de-los-verdes-en-espera-de-la-resolucion-3","status":"publish","type":"post","link":"https:\/\/www.ayuntamientodeharia.com\/haria\/a-quien-pertenece-la-cueva-de-los-verdes-en-espera-de-la-resolucion-3\/","title":{"rendered":"\u00bfA qui\u00e9n pertenece la Cueva de Los Verdes? En espera de la resoluci\u00f3n"},"content":{"rendered":"<p><strong>Cap\u00edtulo VIII<\/strong><\/p>\n<p><em><strong> Por Jes\u00fas Perdomo Ram\u00edrez<\/strong><\/em><\/p>\n<p>&nbsp;<\/p>\n<p>El Ayuntamiento de Har\u00eda solicita formalmente al Cabildo, en el a\u00f1o 2000, la ampliaci\u00f3n del canon que recibe de los Centros Tur\u00edsticos. La Corporaci\u00f3n insular se niega a tal petici\u00f3n y por ello el Consistorio norte\u00f1o eleva a la consideraci\u00f3n de las distintas formaciones pol\u00edticas que conforman el Cabildo la siguiente propuesta:<\/p>\n<p>&nbsp;<\/p>\n<p>\u201c1. Mantener el actual canon de participaci\u00f3n que se devenga del acuerdo plenario del Excmo. Cabildo Insular de Lanzarote.<\/p>\n<p><!--more--><\/p>\n<p>&nbsp;<\/p>\n<p>2. Aumentar el precio de las entradas en los Centros Tur\u00edsticos del municipio a 100 pesetas. El \u00f3rgano recaudador ser\u00e1 el Cabildo y el incremento viene dado en concepto de compensaci\u00f3n econ\u00f3mica por uso, disfrute y acceso al Parque Natural de La Corona, en consonancia con el deterioro que sufre el medio, as\u00ed como el aumento de las partidas presupuestarias del Ayuntamiento destinadas a la limpieza y conservaci\u00f3n de todo el entorno del Parque Natural (\u2026)<\/p>\n<p>&nbsp;<\/p>\n<p>3. Esta Corporaci\u00f3n muestra su total predisposici\u00f3n a consensuar y formalizar un convenio que articule f\u00f3rmulas que posibiliten un acuerdo duradero y satisfactorio para las partes.\u201d<\/p>\n<p>&nbsp;<\/p>\n","protected":false},"excerpt":{"rendered":"<p>Cap\u00edtulo VIII Por Jes\u00fas Perdomo Ram\u00edrez &nbsp; El Ayuntamiento de Har\u00eda solicita formalmente al Cabildo, en el a\u00f1o 2000, la ampliaci\u00f3n del canon que recibe de los Centros Tur\u00edsticos. La Corporaci\u00f3n insular se niega a tal petici\u00f3n y por ello el Consistorio norte\u00f1o eleva a la consideraci\u00f3n de las distintas formaciones pol\u00edticas que conforman el [&hellip;]<\/p>\n","protected":false},"author":2,"featured_media":0,"comment_status":"closed","ping_status":"closed","sticky":false,"template":"","format":"standard","meta":{"footnotes":""},"categories":[11],"tags":[],"class_list":["post-4501","post","type-post","status-publish","format-standard","hentry","category-hoja-de-haria"],"_links":{"self":[{"href":"https:\/\/www.ayuntamientodeharia.com\/haria\/wp-json\/wp\/v2\/posts\/4501","targetHints":{"allow":["GET"]}}],"collection":[{"href":"https:\/\/www.ayuntamientodeharia.com\/haria\/wp-json\/wp\/v2\/posts"}],"about":[{"href":"https:\/\/www.ayuntamientodeharia.com\/haria\/wp-json\/wp\/v2\/types\/post"}],"author":[{"embeddable":true,"href":"https:\/\/www.ayuntamientodeharia.com\/haria\/wp-json\/wp\/v2\/users\/2"}],"replies":[{"embeddable":true,"href":"https:\/\/www.ayuntamientodeharia.com\/haria\/wp-json\/wp\/v2\/comments?post=4501"}],"version-history":[{"count":0,"href":"https:\/\/www.ayuntamientodeharia.com\/haria\/wp-json\/wp\/v2\/posts\/4501\/revisions"}],"wp:attachment":[{"href":"https:\/\/www.ayuntamientodeharia.com\/haria\/wp-json\/wp\/v2\/media?parent=4501"}],"wp:term":[{"taxonomy":"category","embeddable":true,"href":"https:\/\/www.ayuntamientodeharia.com\/haria\/wp-json\/wp\/v2\/categories?post=4501"},{"taxonomy":"post_tag","embeddable":true,"href":"https:\/\/www.ayuntamientodeharia.com\/haria\/wp-json\/wp\/v2\/tags?post=4501"}],"curies":[{"name":"wp","href":"https:\/\/api.w.org\/{rel}","templated":true}]}}