{"id":4419,"date":"2016-04-01T13:18:42","date_gmt":"2016-04-01T13:18:42","guid":{"rendered":"http:\/\/www.ayuntamientodeharia.com\/haria\/?p=4419"},"modified":"2016-04-01T13:18:42","modified_gmt":"2016-04-01T13:18:42","slug":"haria-acogera-el-programa-de-formacion-para-padres-y-madres-educar-en-familia","status":"publish","type":"post","link":"https:\/\/www.ayuntamientodeharia.com\/haria\/haria-acogera-el-programa-de-formacion-para-padres-y-madres-educar-en-familia\/","title":{"rendered":"Har\u00eda acoger\u00e1 el programa de formaci\u00f3n para padres y madres \u2018Educar en Familia\u2019"},"content":{"rendered":"<p>El Centro Sociocultural La Tegala de Har\u00eda acoger\u00e1 durante el mes de abril el programa de formaci\u00f3n para padres y madres \u2018Educar en Familia\u2019, organizado por la Direcci\u00f3n General de Ordenaci\u00f3n, Innovaci\u00f3n y Promoci\u00f3n Educativa de la Consejer\u00eda de Educaci\u00f3n y Universidades del Gobierno de Canarias, en colaboraci\u00f3n con la Concejal\u00eda de Educaci\u00f3n del Ayuntamiento de Har\u00eda.<\/p>\n<p><!--more--><\/p>\n<p>&nbsp;<\/p>\n<p>El programa se encuentra dividido en tres sesiones independientes, que ser\u00e1n impartidas por especialistas en la materia los tres primeros mi\u00e9rcoles del mes de abril, a las 17:00 horas, en La Tegala de Har\u00eda El mi\u00e9rcoles, 6 de abril, la psic\u00f3loga Yurena Marrero impartir\u00e1 la conferencia \u2018La Adolescencia: una etapa clave para el desarrollo de nuestros hijos\u2019.<\/p>\n<p>&nbsp;<\/p>\n<p>El 13 de abril, ser\u00e1 la psicopedagoga Lorena Alfonso la encargada de disertar sobre \u2018\u00bfC\u00f3mo podemos ayudar a nuestros hijos e hijas en el estudio?\u2019, mientras que la psic\u00f3loga Milagros Armas cerrar\u00e1 el programa de formaci\u00f3n el mi\u00e9rcoles 20 con su conferencia \u2018C\u00f3mo se relacionan nuestros hijos e hijas con la tecnolog\u00eda: m\u00f3vil, videojuegos, reproductores de audio e im\u00e1genes&#8230;\u2019 Las personas que asistan a las tres sesiones recibir\u00e1n un certificado de asistencia de la Consejer\u00eda de Educaci\u00f3n del Gobierno de Canarias<\/p>\n","protected":false},"excerpt":{"rendered":"<p>El Centro Sociocultural La Tegala de Har\u00eda acoger\u00e1 durante el mes de abril el programa de formaci\u00f3n para padres y madres \u2018Educar en Familia\u2019, organizado por la Direcci\u00f3n General de Ordenaci\u00f3n, Innovaci\u00f3n y Promoci\u00f3n Educativa de la Consejer\u00eda de Educaci\u00f3n y Universidades del Gobierno de Canarias, en colaboraci\u00f3n con la Concejal\u00eda de Educaci\u00f3n del Ayuntamiento [&hellip;]<\/p>\n","protected":false},"author":2,"featured_media":0,"comment_status":"closed","ping_status":"closed","sticky":false,"template":"","format":"standard","meta":{"footnotes":""},"categories":[11,77],"tags":[],"class_list":["post-4419","post","type-post","status-publish","format-standard","hentry","category-hoja-de-haria","category-servicios-sociales"],"_links":{"self":[{"href":"https:\/\/www.ayuntamientodeharia.com\/haria\/wp-json\/wp\/v2\/posts\/4419","targetHints":{"allow":["GET"]}}],"collection":[{"href":"https:\/\/www.ayuntamientodeharia.com\/haria\/wp-json\/wp\/v2\/posts"}],"about":[{"href":"https:\/\/www.ayuntamientodeharia.com\/haria\/wp-json\/wp\/v2\/types\/post"}],"author":[{"embeddable":true,"href":"https:\/\/www.ayuntamientodeharia.com\/haria\/wp-json\/wp\/v2\/users\/2"}],"replies":[{"embeddable":true,"href":"https:\/\/www.ayuntamientodeharia.com\/haria\/wp-json\/wp\/v2\/comments?post=4419"}],"version-history":[{"count":0,"href":"https:\/\/www.ayuntamientodeharia.com\/haria\/wp-json\/wp\/v2\/posts\/4419\/revisions"}],"wp:attachment":[{"href":"https:\/\/www.ayuntamientodeharia.com\/haria\/wp-json\/wp\/v2\/media?parent=4419"}],"wp:term":[{"taxonomy":"category","embeddable":true,"href":"https:\/\/www.ayuntamientodeharia.com\/haria\/wp-json\/wp\/v2\/categories?post=4419"},{"taxonomy":"post_tag","embeddable":true,"href":"https:\/\/www.ayuntamientodeharia.com\/haria\/wp-json\/wp\/v2\/tags?post=4419"}],"curies":[{"name":"wp","href":"https:\/\/api.w.org\/{rel}","templated":true}]}}