{"id":4356,"date":"2016-03-24T00:26:31","date_gmt":"2016-03-24T00:26:31","guid":{"rendered":"http:\/\/www.ayuntamientodeharia.com\/haria\/?p=4356"},"modified":"2016-03-24T00:26:53","modified_gmt":"2016-03-24T00:26:53","slug":"comienza-la-campana-de-identificacion-y-vacunacion-canina-y-felina","status":"publish","type":"post","link":"https:\/\/www.ayuntamientodeharia.com\/haria\/comienza-la-campana-de-identificacion-y-vacunacion-canina-y-felina\/","title":{"rendered":"Comienza la campa\u00f1a de identificaci\u00f3n y vacunaci\u00f3n canina y felina"},"content":{"rendered":"<p>El Ayuntamiento de Har\u00eda, a trav\u00e9s de la Concejal\u00eda de Sanidad, que coordina Y\u00e9ssica Mesa Crespo, y seg\u00fan establece la normativa vigente, pone en marcha la \u2018Campa\u00f1a de Identificaci\u00f3n y Vacunaci\u00f3n Canina y Felina\u2019, que se llevar\u00e1 a cabo durante el mes de abril por diferentes pueblos del municipio.<\/p>\n<p>&nbsp;<\/p>\n<p><span style=\"font-weight: 300;\">Para efectuar la vacunaci\u00f3n del animal, ser\u00e1 necesario que los due\u00f1os presenten el documento acreditativo que lo identifique a trav\u00e9s de microchip o tatuaje. Se recuerda a los due\u00f1os de los perros mayores de 4 meses que es obligatorio identificar y vacunar a los mismos, as\u00ed como tenerlo identificado a trav\u00e9s de microchip.<\/span><\/p>\n<p><!--more--><\/p>\n<p>&nbsp;<\/p>\n<p>El veterinario designado por el Ayuntamiento se trasladar\u00e1 a los lugares que a continuaci\u00f3n se relacionan, para que los vecinos y vecinas del municipio puedan trasladar c\u00f3modamente a sus animales el d\u00eda y a la hora establecida.<\/p>\n<p>&nbsp;<\/p>\n<p><a href=\"http:\/\/www.ayuntamientodeharia.com\/haria\/wp-content\/uploads\/2016\/03\/vacunas.jpg\"><img fetchpriority=\"high\" decoding=\"async\" class=\"alignleft size-large wp-image-4358\" src=\"http:\/\/www.ayuntamientodeharia.com\/haria\/wp-content\/uploads\/2016\/03\/vacunas-1024x366.jpg\" alt=\"vacunas\" width=\"754\" height=\"269\" srcset=\"https:\/\/www.ayuntamientodeharia.com\/haria\/wp-content\/uploads\/2016\/03\/vacunas-1024x366.jpg 1024w, https:\/\/www.ayuntamientodeharia.com\/haria\/wp-content\/uploads\/2016\/03\/vacunas-300x107.jpg 300w, https:\/\/www.ayuntamientodeharia.com\/haria\/wp-content\/uploads\/2016\/03\/vacunas.jpg 1142w\" sizes=\"(max-width: 754px) 100vw, 754px\" \/><\/a><\/p>\n","protected":false},"excerpt":{"rendered":"<p>El Ayuntamiento de Har\u00eda, a trav\u00e9s de la Concejal\u00eda de Sanidad, que coordina Y\u00e9ssica Mesa Crespo, y seg\u00fan establece la normativa vigente, pone en marcha la \u2018Campa\u00f1a de Identificaci\u00f3n y Vacunaci\u00f3n Canina y Felina\u2019, que se llevar\u00e1 a cabo durante el mes de abril por diferentes pueblos del municipio. &nbsp; Para efectuar la vacunaci\u00f3n del [&hellip;]<\/p>\n","protected":false},"author":2,"featured_media":0,"comment_status":"closed","ping_status":"closed","sticky":false,"template":"","format":"standard","meta":{"footnotes":""},"categories":[11,64],"tags":[],"class_list":["post-4356","post","type-post","status-publish","format-standard","hentry","category-hoja-de-haria","category-sanidad"],"_links":{"self":[{"href":"https:\/\/www.ayuntamientodeharia.com\/haria\/wp-json\/wp\/v2\/posts\/4356","targetHints":{"allow":["GET"]}}],"collection":[{"href":"https:\/\/www.ayuntamientodeharia.com\/haria\/wp-json\/wp\/v2\/posts"}],"about":[{"href":"https:\/\/www.ayuntamientodeharia.com\/haria\/wp-json\/wp\/v2\/types\/post"}],"author":[{"embeddable":true,"href":"https:\/\/www.ayuntamientodeharia.com\/haria\/wp-json\/wp\/v2\/users\/2"}],"replies":[{"embeddable":true,"href":"https:\/\/www.ayuntamientodeharia.com\/haria\/wp-json\/wp\/v2\/comments?post=4356"}],"version-history":[{"count":0,"href":"https:\/\/www.ayuntamientodeharia.com\/haria\/wp-json\/wp\/v2\/posts\/4356\/revisions"}],"wp:attachment":[{"href":"https:\/\/www.ayuntamientodeharia.com\/haria\/wp-json\/wp\/v2\/media?parent=4356"}],"wp:term":[{"taxonomy":"category","embeddable":true,"href":"https:\/\/www.ayuntamientodeharia.com\/haria\/wp-json\/wp\/v2\/categories?post=4356"},{"taxonomy":"post_tag","embeddable":true,"href":"https:\/\/www.ayuntamientodeharia.com\/haria\/wp-json\/wp\/v2\/tags?post=4356"}],"curies":[{"name":"wp","href":"https:\/\/api.w.org\/{rel}","templated":true}]}}