{"id":4352,"date":"2016-03-24T00:04:00","date_gmt":"2016-03-24T00:04:00","guid":{"rendered":"http:\/\/www.ayuntamientodeharia.com\/haria\/?p=4352"},"modified":"2016-03-24T00:04:00","modified_gmt":"2016-03-24T00:04:00","slug":"yeiza-gonzalez-es-elegida-como-la-primera-presidenta-del-centro-democratico-de-maguez","status":"publish","type":"post","link":"https:\/\/www.ayuntamientodeharia.com\/haria\/yeiza-gonzalez-es-elegida-como-la-primera-presidenta-del-centro-democratico-de-maguez\/","title":{"rendered":"Yeiza Gonz\u00e1lez es elegida como la primera presidenta del Centro Democr\u00e1tico de M\u00e1guez"},"content":{"rendered":"<p>Yeiza Gonz\u00e1lez ha sido elegida por los socios del Centro Democr\u00e1tico de M\u00e1guez como nueva presidenta, tras la celebraci\u00f3n de la Junta General Ordinaria de Socios del pasado s\u00e1bado, 19 de marzo.<\/p>\n<p>&nbsp;<\/p>\n<p>El acto de toma de posesi\u00f3n tendr\u00e1 lugar el pr\u00f3ximo jueves, d\u00eda 31. De esta forma, Yeiza Gonz\u00e1lez se convierte en la primera mujer presidenta del Centro Democr\u00e1tico de M\u00e1guez desde que se inaugurara, el 18 de mayo de 1932. El Ayuntamiento de Har\u00eda traslada su felicitaci\u00f3n a Yeiza Gonz\u00e1lez por este nombramiento y le desea el mayor de los \u00e9xitos en su nuevo cargo.<\/p>\n","protected":false},"excerpt":{"rendered":"<p>Yeiza Gonz\u00e1lez ha sido elegida por los socios del Centro Democr\u00e1tico de M\u00e1guez como nueva presidenta, tras la celebraci\u00f3n de la Junta General Ordinaria de Socios del pasado s\u00e1bado, 19 de marzo. &nbsp; El acto de toma de posesi\u00f3n tendr\u00e1 lugar el pr\u00f3ximo jueves, d\u00eda 31. De esta forma, Yeiza Gonz\u00e1lez se convierte en la [&hellip;]<\/p>\n","protected":false},"author":2,"featured_media":0,"comment_status":"closed","ping_status":"closed","sticky":false,"template":"","format":"standard","meta":{"footnotes":""},"categories":[11,81],"tags":[],"class_list":["post-4352","post","type-post","status-publish","format-standard","hentry","category-hoja-de-haria","category-municipio"],"_links":{"self":[{"href":"https:\/\/www.ayuntamientodeharia.com\/haria\/wp-json\/wp\/v2\/posts\/4352","targetHints":{"allow":["GET"]}}],"collection":[{"href":"https:\/\/www.ayuntamientodeharia.com\/haria\/wp-json\/wp\/v2\/posts"}],"about":[{"href":"https:\/\/www.ayuntamientodeharia.com\/haria\/wp-json\/wp\/v2\/types\/post"}],"author":[{"embeddable":true,"href":"https:\/\/www.ayuntamientodeharia.com\/haria\/wp-json\/wp\/v2\/users\/2"}],"replies":[{"embeddable":true,"href":"https:\/\/www.ayuntamientodeharia.com\/haria\/wp-json\/wp\/v2\/comments?post=4352"}],"version-history":[{"count":0,"href":"https:\/\/www.ayuntamientodeharia.com\/haria\/wp-json\/wp\/v2\/posts\/4352\/revisions"}],"wp:attachment":[{"href":"https:\/\/www.ayuntamientodeharia.com\/haria\/wp-json\/wp\/v2\/media?parent=4352"}],"wp:term":[{"taxonomy":"category","embeddable":true,"href":"https:\/\/www.ayuntamientodeharia.com\/haria\/wp-json\/wp\/v2\/categories?post=4352"},{"taxonomy":"post_tag","embeddable":true,"href":"https:\/\/www.ayuntamientodeharia.com\/haria\/wp-json\/wp\/v2\/tags?post=4352"}],"curies":[{"name":"wp","href":"https:\/\/api.w.org\/{rel}","templated":true}]}}