{"id":4350,"date":"2016-03-24T00:03:06","date_gmt":"2016-03-24T00:03:06","guid":{"rendered":"http:\/\/www.ayuntamientodeharia.com\/haria\/?p=4350"},"modified":"2016-03-24T00:03:06","modified_gmt":"2016-03-24T00:03:06","slug":"presentacion-de-la-asociacion-de-vecinos-el-marinero-de-punta-mujeres","status":"publish","type":"post","link":"https:\/\/www.ayuntamientodeharia.com\/haria\/presentacion-de-la-asociacion-de-vecinos-el-marinero-de-punta-mujeres\/","title":{"rendered":"Presentaci\u00f3n de la Asociaci\u00f3n de Vecinos \u2018El Marinero\u2019 de Punta Mujeres"},"content":{"rendered":"<p>La Asociaci\u00f3n de Vecinos \u2018El Marinero\u2019 convoca a los vecinos y vecinas de Punta Mujeres a una reuni\u00f3n informativa, que tendr\u00e1 lugar el viernes, 1 de abril, a las 20:00 horas, en el Centro Sociocultural de esta zona de Har\u00eda, para dar a conocer las ideas y proyectos que tienen previsto emprender.<\/p>\n<p>&nbsp;<\/p>\n<p>Tras la presentaci\u00f3n, los asistentes disfrutar\u00e1n de un enyesque, amenizado por \u2018Shound D Zona\u2019.<\/p>\n","protected":false},"excerpt":{"rendered":"<p>La Asociaci\u00f3n de Vecinos \u2018El Marinero\u2019 convoca a los vecinos y vecinas de Punta Mujeres a una reuni\u00f3n informativa, que tendr\u00e1 lugar el viernes, 1 de abril, a las 20:00 horas, en el Centro Sociocultural de esta zona de Har\u00eda, para dar a conocer las ideas y proyectos que tienen previsto emprender. &nbsp; Tras la [&hellip;]<\/p>\n","protected":false},"author":2,"featured_media":0,"comment_status":"closed","ping_status":"closed","sticky":false,"template":"","format":"standard","meta":{"footnotes":""},"categories":[11,81],"tags":[],"class_list":["post-4350","post","type-post","status-publish","format-standard","hentry","category-hoja-de-haria","category-municipio"],"_links":{"self":[{"href":"https:\/\/www.ayuntamientodeharia.com\/haria\/wp-json\/wp\/v2\/posts\/4350","targetHints":{"allow":["GET"]}}],"collection":[{"href":"https:\/\/www.ayuntamientodeharia.com\/haria\/wp-json\/wp\/v2\/posts"}],"about":[{"href":"https:\/\/www.ayuntamientodeharia.com\/haria\/wp-json\/wp\/v2\/types\/post"}],"author":[{"embeddable":true,"href":"https:\/\/www.ayuntamientodeharia.com\/haria\/wp-json\/wp\/v2\/users\/2"}],"replies":[{"embeddable":true,"href":"https:\/\/www.ayuntamientodeharia.com\/haria\/wp-json\/wp\/v2\/comments?post=4350"}],"version-history":[{"count":0,"href":"https:\/\/www.ayuntamientodeharia.com\/haria\/wp-json\/wp\/v2\/posts\/4350\/revisions"}],"wp:attachment":[{"href":"https:\/\/www.ayuntamientodeharia.com\/haria\/wp-json\/wp\/v2\/media?parent=4350"}],"wp:term":[{"taxonomy":"category","embeddable":true,"href":"https:\/\/www.ayuntamientodeharia.com\/haria\/wp-json\/wp\/v2\/categories?post=4350"},{"taxonomy":"post_tag","embeddable":true,"href":"https:\/\/www.ayuntamientodeharia.com\/haria\/wp-json\/wp\/v2\/tags?post=4350"}],"curies":[{"name":"wp","href":"https:\/\/api.w.org\/{rel}","templated":true}]}}