{"id":4322,"date":"2016-03-18T14:04:11","date_gmt":"2016-03-18T14:04:11","guid":{"rendered":"http:\/\/www.ayuntamientodeharia.com\/haria\/?p=4322"},"modified":"2016-03-18T14:04:39","modified_gmt":"2016-03-18T14:04:39","slug":"haria-sigue-recordando-a-las-victimas-del-atentando-terrorista-del-11-m-2","status":"publish","type":"post","link":"https:\/\/www.ayuntamientodeharia.com\/haria\/haria-sigue-recordando-a-las-victimas-del-atentando-terrorista-del-11-m-2\/","title":{"rendered":"Har\u00eda sigue recordando a las v\u00edctimas del atentando terrorista del 11-M"},"content":{"rendered":"<p><a href=\"http:\/\/www.ayuntamientodeharia.com\/haria\/wp-content\/uploads\/2016\/03\/11-M.jpg\"><img decoding=\"async\" class=\"alignleft  wp-image-4292\" src=\"http:\/\/www.ayuntamientodeharia.com\/haria\/wp-content\/uploads\/2016\/03\/11-M-300x196.jpg\" alt=\"11 M\" width=\"245\" height=\"163\" \/><\/a>El alcalde de Har\u00eda, Marci Acu\u00f1a, acompa\u00f1ado del primer teniente de alcalde, Jos\u00e9 P\u00e9rez Dorta, y las concejalas Auxiliadora Fern\u00e1ndez y Yessica Mesa, se trasladaron al Cementerio Municipal para depositar una corona de flores ante el monolito levantado en recuerdo de las v\u00edctimas del atentado terrorista ocurrido el 11 de marzo de 2004 en Madrid.<\/p>\n<p>&nbsp;<\/p>\n<p>Doce a\u00f1os han pasado desde aquel fat\u00eddico d\u00eda en el que Espa\u00f1a sufr\u00eda el mayor atentado terrorista de su historia, donde 193 personas perdieron la vida y cerca de 2.000 sufrieron heridas de distinta consideraci\u00f3n.<\/p>\n","protected":false},"excerpt":{"rendered":"<p>El alcalde de Har\u00eda, Marci Acu\u00f1a, acompa\u00f1ado del primer teniente de alcalde, Jos\u00e9 P\u00e9rez Dorta, y las concejalas Auxiliadora Fern\u00e1ndez y Yessica Mesa, se trasladaron al Cementerio Municipal para depositar una corona de flores ante el monolito levantado en recuerdo de las v\u00edctimas del atentado terrorista ocurrido el 11 de marzo de 2004 en Madrid. [&hellip;]<\/p>\n","protected":false},"author":2,"featured_media":0,"comment_status":"closed","ping_status":"closed","sticky":false,"template":"","format":"standard","meta":{"footnotes":""},"categories":[73,11,81],"tags":[],"class_list":["post-4322","post","type-post","status-publish","format-standard","hentry","category-alcaldia","category-hoja-de-haria","category-municipio"],"_links":{"self":[{"href":"https:\/\/www.ayuntamientodeharia.com\/haria\/wp-json\/wp\/v2\/posts\/4322","targetHints":{"allow":["GET"]}}],"collection":[{"href":"https:\/\/www.ayuntamientodeharia.com\/haria\/wp-json\/wp\/v2\/posts"}],"about":[{"href":"https:\/\/www.ayuntamientodeharia.com\/haria\/wp-json\/wp\/v2\/types\/post"}],"author":[{"embeddable":true,"href":"https:\/\/www.ayuntamientodeharia.com\/haria\/wp-json\/wp\/v2\/users\/2"}],"replies":[{"embeddable":true,"href":"https:\/\/www.ayuntamientodeharia.com\/haria\/wp-json\/wp\/v2\/comments?post=4322"}],"version-history":[{"count":0,"href":"https:\/\/www.ayuntamientodeharia.com\/haria\/wp-json\/wp\/v2\/posts\/4322\/revisions"}],"wp:attachment":[{"href":"https:\/\/www.ayuntamientodeharia.com\/haria\/wp-json\/wp\/v2\/media?parent=4322"}],"wp:term":[{"taxonomy":"category","embeddable":true,"href":"https:\/\/www.ayuntamientodeharia.com\/haria\/wp-json\/wp\/v2\/categories?post=4322"},{"taxonomy":"post_tag","embeddable":true,"href":"https:\/\/www.ayuntamientodeharia.com\/haria\/wp-json\/wp\/v2\/tags?post=4322"}],"curies":[{"name":"wp","href":"https:\/\/api.w.org\/{rel}","templated":true}]}}