{"id":4317,"date":"2016-03-18T13:59:14","date_gmt":"2016-03-18T13:59:14","guid":{"rendered":"http:\/\/www.ayuntamientodeharia.com\/haria\/?p=4317"},"modified":"2016-03-18T14:01:14","modified_gmt":"2016-03-18T14:01:14","slug":"toma-de-posesion-de-elisabeth-socas","status":"publish","type":"post","link":"https:\/\/www.ayuntamientodeharia.com\/haria\/toma-de-posesion-de-elisabeth-socas\/","title":{"rendered":"Toma de posesi\u00f3n de Elisabeth Socas"},"content":{"rendered":"<p><a href=\"http:\/\/www.ayuntamientodeharia.com\/haria\/wp-content\/uploads\/2016\/03\/Eli.jpg\"><img fetchpriority=\"high\" decoding=\"async\" class=\"alignleft  wp-image-4296\" src=\"http:\/\/www.ayuntamientodeharia.com\/haria\/wp-content\/uploads\/2016\/03\/Eli-273x300.jpg\" alt=\"Eli\" width=\"237\" height=\"259\" srcset=\"https:\/\/www.ayuntamientodeharia.com\/haria\/wp-content\/uploads\/2016\/03\/Eli-273x300.jpg 273w, https:\/\/www.ayuntamientodeharia.com\/haria\/wp-content\/uploads\/2016\/03\/Eli.jpg 561w\" sizes=\"(max-width: 237px) 100vw, 237px\" \/><\/a>El\u00edsabeth Socas Meli\u00e1n tom\u00f3 posesi\u00f3n como concejala del Ayuntamiento de Har\u00eda, en el transcurso del pleno ordinario celebrado en el sal\u00f3n de sesiones de la Casa Consistorial el 12 de marzo.<\/p>\n<p>&nbsp;<\/p>\n<p>La candidata por la Plataforma del Municipio de Har\u00eda (PMH) ocupa la vacante dejada por Jos\u00e9 Torres Stinga, tras renunciar a su acta como concejal el 26 de enero.<\/p>\n<p>&nbsp;<\/p>\n<p>El alcalde de Har\u00eda, Marci Acu\u00f1a, tras hacerle entregarle de la insignia del Consistorio, le dio la bienvenida en nombre de toda la Corporaci\u00f3n municipal.<\/p>\n","protected":false},"excerpt":{"rendered":"<p>El\u00edsabeth Socas Meli\u00e1n tom\u00f3 posesi\u00f3n como concejala del Ayuntamiento de Har\u00eda, en el transcurso del pleno ordinario celebrado en el sal\u00f3n de sesiones de la Casa Consistorial el 12 de marzo. &nbsp; La candidata por la Plataforma del Municipio de Har\u00eda (PMH) ocupa la vacante dejada por Jos\u00e9 Torres Stinga, tras renunciar a su acta [&hellip;]<\/p>\n","protected":false},"author":2,"featured_media":0,"comment_status":"closed","ping_status":"closed","sticky":false,"template":"","format":"standard","meta":{"footnotes":""},"categories":[73,11,81],"tags":[],"class_list":["post-4317","post","type-post","status-publish","format-standard","hentry","category-alcaldia","category-hoja-de-haria","category-municipio"],"_links":{"self":[{"href":"https:\/\/www.ayuntamientodeharia.com\/haria\/wp-json\/wp\/v2\/posts\/4317","targetHints":{"allow":["GET"]}}],"collection":[{"href":"https:\/\/www.ayuntamientodeharia.com\/haria\/wp-json\/wp\/v2\/posts"}],"about":[{"href":"https:\/\/www.ayuntamientodeharia.com\/haria\/wp-json\/wp\/v2\/types\/post"}],"author":[{"embeddable":true,"href":"https:\/\/www.ayuntamientodeharia.com\/haria\/wp-json\/wp\/v2\/users\/2"}],"replies":[{"embeddable":true,"href":"https:\/\/www.ayuntamientodeharia.com\/haria\/wp-json\/wp\/v2\/comments?post=4317"}],"version-history":[{"count":0,"href":"https:\/\/www.ayuntamientodeharia.com\/haria\/wp-json\/wp\/v2\/posts\/4317\/revisions"}],"wp:attachment":[{"href":"https:\/\/www.ayuntamientodeharia.com\/haria\/wp-json\/wp\/v2\/media?parent=4317"}],"wp:term":[{"taxonomy":"category","embeddable":true,"href":"https:\/\/www.ayuntamientodeharia.com\/haria\/wp-json\/wp\/v2\/categories?post=4317"},{"taxonomy":"post_tag","embeddable":true,"href":"https:\/\/www.ayuntamientodeharia.com\/haria\/wp-json\/wp\/v2\/tags?post=4317"}],"curies":[{"name":"wp","href":"https:\/\/api.w.org\/{rel}","templated":true}]}}