{"id":4307,"date":"2016-03-18T13:52:11","date_gmt":"2016-03-18T13:52:11","guid":{"rendered":"http:\/\/www.ayuntamientodeharia.com\/haria\/?p=4307"},"modified":"2016-03-18T13:52:11","modified_gmt":"2016-03-18T13:52:11","slug":"que-hacer-si-se-detecta-una-colmena-de-abejas-en-zonas-habitadas","status":"publish","type":"post","link":"https:\/\/www.ayuntamientodeharia.com\/haria\/que-hacer-si-se-detecta-una-colmena-de-abejas-en-zonas-habitadas\/","title":{"rendered":"\u00bfQu\u00e9 hacer si se detecta una colmena de abejas en zonas habitadas?"},"content":{"rendered":"<p>Ante la aparici\u00f3n de diferentes colmenas de abejas en lugares habitados del municipio, desde la Concejal\u00eda de Agricultura se recomienda a los vecinos del municipio que desde que detecten la formaci\u00f3n de una colmena, estructura con forma de bal\u00f3n y enjambre de abejas alrededor, avisen inmediatamente a la Polic\u00eda Local, al 928 835 252, para que procedan a su retirada.<\/p>\n<p>&nbsp;<\/p>\n<p>Se aconseja no acercarse a la colmena y no espantar a las abejas, pues estas tienden a atacar si se sienten agredidas.<\/p>\n","protected":false},"excerpt":{"rendered":"<p>Ante la aparici\u00f3n de diferentes colmenas de abejas en lugares habitados del municipio, desde la Concejal\u00eda de Agricultura se recomienda a los vecinos del municipio que desde que detecten la formaci\u00f3n de una colmena, estructura con forma de bal\u00f3n y enjambre de abejas alrededor, avisen inmediatamente a la Polic\u00eda Local, al 928 835 252, para [&hellip;]<\/p>\n","protected":false},"author":2,"featured_media":0,"comment_status":"closed","ping_status":"closed","sticky":false,"template":"","format":"standard","meta":{"footnotes":""},"categories":[20,11],"tags":[],"class_list":["post-4307","post","type-post","status-publish","format-standard","hentry","category-agricultura","category-hoja-de-haria"],"_links":{"self":[{"href":"https:\/\/www.ayuntamientodeharia.com\/haria\/wp-json\/wp\/v2\/posts\/4307","targetHints":{"allow":["GET"]}}],"collection":[{"href":"https:\/\/www.ayuntamientodeharia.com\/haria\/wp-json\/wp\/v2\/posts"}],"about":[{"href":"https:\/\/www.ayuntamientodeharia.com\/haria\/wp-json\/wp\/v2\/types\/post"}],"author":[{"embeddable":true,"href":"https:\/\/www.ayuntamientodeharia.com\/haria\/wp-json\/wp\/v2\/users\/2"}],"replies":[{"embeddable":true,"href":"https:\/\/www.ayuntamientodeharia.com\/haria\/wp-json\/wp\/v2\/comments?post=4307"}],"version-history":[{"count":0,"href":"https:\/\/www.ayuntamientodeharia.com\/haria\/wp-json\/wp\/v2\/posts\/4307\/revisions"}],"wp:attachment":[{"href":"https:\/\/www.ayuntamientodeharia.com\/haria\/wp-json\/wp\/v2\/media?parent=4307"}],"wp:term":[{"taxonomy":"category","embeddable":true,"href":"https:\/\/www.ayuntamientodeharia.com\/haria\/wp-json\/wp\/v2\/categories?post=4307"},{"taxonomy":"post_tag","embeddable":true,"href":"https:\/\/www.ayuntamientodeharia.com\/haria\/wp-json\/wp\/v2\/tags?post=4307"}],"curies":[{"name":"wp","href":"https:\/\/api.w.org\/{rel}","templated":true}]}}