{"id":4304,"date":"2016-03-18T13:51:00","date_gmt":"2016-03-18T13:51:00","guid":{"rendered":"http:\/\/www.ayuntamientodeharia.com\/haria\/?p=4304"},"modified":"2016-03-18T13:51:31","modified_gmt":"2016-03-18T13:51:31","slug":"curso-de-iniciacion-a-la-agricultura-ecologica-en-la-granja-agricola-experimental","status":"publish","type":"post","link":"https:\/\/www.ayuntamientodeharia.com\/haria\/curso-de-iniciacion-a-la-agricultura-ecologica-en-la-granja-agricola-experimental\/","title":{"rendered":"Curso de Iniciaci\u00f3n a la Agricultura Ecol\u00f3gica en la Granja Agr\u00edcola Experimental"},"content":{"rendered":"<p>La Concejal\u00eda de Agricultura, coordinada por Jos\u00e9 P\u00e9rez Dorta, comunica a los vecinos del municipio que ADERLAN impartir\u00e1 un curso sobre \u2018Iniciaci\u00f3n a la Agricultura Ecol\u00f3gica\u2019, homologado por la Consejer\u00eda de Agricultura del Gobierno de Canarias, para la obtenci\u00f3n de la cualificaci\u00f3n profesional agraria, del 11 al 15 de abril, en horario de 16:00 a 20:00 horas, en la Granja Agr\u00edcola Experimental del Cabildo de Lanzarote.<\/p>\n<p><!--more--><\/p>\n<p>&nbsp;<\/p>\n<p>Este curso est\u00e1 dirigido a todas aquellas personas que quieran adquirir los conocimientos b\u00e1sicos para poner en marcha de un huerto ecol\u00f3gico. Las plazas son limitadas y se ir\u00e1n cubriendo por orden de solicitud. Las personas interesadas en recibir m\u00e1s informaci\u00f3n deber\u00e1n dirigirse a la oficina de ADERLAN o bien llamar al 928 836 590 (ext. 31).<\/p>\n","protected":false},"excerpt":{"rendered":"<p>La Concejal\u00eda de Agricultura, coordinada por Jos\u00e9 P\u00e9rez Dorta, comunica a los vecinos del municipio que ADERLAN impartir\u00e1 un curso sobre \u2018Iniciaci\u00f3n a la Agricultura Ecol\u00f3gica\u2019, homologado por la Consejer\u00eda de Agricultura del Gobierno de Canarias, para la obtenci\u00f3n de la cualificaci\u00f3n profesional agraria, del 11 al 15 de abril, en horario de 16:00 a [&hellip;]<\/p>\n","protected":false},"author":2,"featured_media":0,"comment_status":"closed","ping_status":"closed","sticky":false,"template":"","format":"standard","meta":{"footnotes":""},"categories":[20,11],"tags":[],"class_list":["post-4304","post","type-post","status-publish","format-standard","hentry","category-agricultura","category-hoja-de-haria"],"_links":{"self":[{"href":"https:\/\/www.ayuntamientodeharia.com\/haria\/wp-json\/wp\/v2\/posts\/4304","targetHints":{"allow":["GET"]}}],"collection":[{"href":"https:\/\/www.ayuntamientodeharia.com\/haria\/wp-json\/wp\/v2\/posts"}],"about":[{"href":"https:\/\/www.ayuntamientodeharia.com\/haria\/wp-json\/wp\/v2\/types\/post"}],"author":[{"embeddable":true,"href":"https:\/\/www.ayuntamientodeharia.com\/haria\/wp-json\/wp\/v2\/users\/2"}],"replies":[{"embeddable":true,"href":"https:\/\/www.ayuntamientodeharia.com\/haria\/wp-json\/wp\/v2\/comments?post=4304"}],"version-history":[{"count":0,"href":"https:\/\/www.ayuntamientodeharia.com\/haria\/wp-json\/wp\/v2\/posts\/4304\/revisions"}],"wp:attachment":[{"href":"https:\/\/www.ayuntamientodeharia.com\/haria\/wp-json\/wp\/v2\/media?parent=4304"}],"wp:term":[{"taxonomy":"category","embeddable":true,"href":"https:\/\/www.ayuntamientodeharia.com\/haria\/wp-json\/wp\/v2\/categories?post=4304"},{"taxonomy":"post_tag","embeddable":true,"href":"https:\/\/www.ayuntamientodeharia.com\/haria\/wp-json\/wp\/v2\/tags?post=4304"}],"curies":[{"name":"wp","href":"https:\/\/api.w.org\/{rel}","templated":true}]}}