{"id":4301,"date":"2016-03-18T13:49:19","date_gmt":"2016-03-18T13:49:19","guid":{"rendered":"http:\/\/www.ayuntamientodeharia.com\/haria\/?p=4301"},"modified":"2016-03-18T13:49:58","modified_gmt":"2016-03-18T13:49:58","slug":"fiestas-de-la-encarnacion-haria-2016","status":"publish","type":"post","link":"https:\/\/www.ayuntamientodeharia.com\/haria\/fiestas-de-la-encarnacion-haria-2016\/","title":{"rendered":"Fiestas de la Encarnaci\u00f3n Har\u00eda 2016"},"content":{"rendered":"<p><a href=\"http:\/\/www.ayuntamientodeharia.com\/haria\/?p=4270\">Ver programa completo<\/a><\/p>\n<p>&nbsp;<\/p>\n<p><span style=\"text-decoration: underline;\"><strong>Domingo, 20 de marzo: <\/strong><\/span><\/p>\n<p>12:30 h.- Tradicional procesi\u00f3n con palmitos desde la Ermita de San Juan hasta la Iglesia de nuestra Se\u00f1ora de La Encarnaci\u00f3n, donde se oficiar\u00e1 la misa del Domingo de Ramos.<\/p>\n<p>&nbsp;<\/p>\n<p><span style=\"text-decoration: underline;\"><strong>Martes, 22 de marzo: <\/strong><\/span><\/p>\n<p>20:00 h.- Charla, presentaci\u00f3n del libro y del documental basado en el mismo titulado \u2018Met\u00edlico: 50 a\u00f1os envenenados\u2019, a cargo de Fernando M\u00e9ndez, periodista y escritor, en el Centro Sociocultural La Tegala de Har\u00eda.<\/p>\n<p><!--more--><\/p>\n<p>&nbsp;<\/p>\n<p><span style=\"text-decoration: underline;\"><strong>Mi\u00e9rcoles, 23 de marzo: <\/strong><\/span><\/p>\n<p>20:00 h.- Conferencia sobre \u2018Luj\u00e1n; 200 a\u00f1os de su muerte (1815-2015)\u2019, a cargo de Pedro Gonz\u00e1lez Sosa, periodista, historiador y cronista Oficial del municipio de Santa Mar\u00eda de Gu\u00eda desde 1980.<\/p>\n<p>A continuaci\u00f3n, inauguraci\u00f3n de una exposici\u00f3n de fotograf\u00edas sobre las obras de imaginer\u00eda del escultor Luj\u00e1n P\u00e9rez, en la sala de exposiciones Jos\u00e9 Lavandera L\u00f3pez, del Museo Sacro de Har\u00eda. Las im\u00e1genes han sido cedidas por la Fundaci\u00f3n Canaria Luj\u00e1n P\u00e9rez (autora: M\u00f3nica Rodr\u00edguez).<\/p>\n<p>&nbsp;<\/p>\n<p><span style=\"text-decoration: underline;\"><strong>Viernes, 25 de marzo: <\/strong><\/span><\/p>\n<p>20:30 h.- Celebraci\u00f3n del 50 Aniversario de la Iglesia de Nuestra Se\u00f1ora de la Encarnaci\u00f3n con la actuaci\u00f3n de los grupos Alborada Pe\u00f1a del Lentisco y Pentawoman, en el Centro Sociocultural La Tegala de Har\u00eda.<\/p>\n<p>&nbsp;<\/p>\n<p><span style=\"text-decoration: underline;\"><strong>Domingo, 3 de abril: <\/strong><\/span><\/p>\n<p>10:30 h.- Tradicional encuentro vecinal con plantaci\u00f3n de palmeras y posterior enyesque amenizado por una parranda en la finca de Paco P\u00e9rez, en Har\u00eda. La salida est\u00e1 prevista a las\u00a0<span style=\"font-weight: 300;\">10:00 horas desde la Plaza de Har\u00eda.<\/span><\/p>\n<p>18:30 h.- Bingo ben\u00e9fico a favor del Banco de Alimentos Municipal en el Centro Sociocultural La Tegala de Har\u00eda.<\/p>\n","protected":false},"excerpt":{"rendered":"<p>Ver programa completo &nbsp; Domingo, 20 de marzo: 12:30 h.- Tradicional procesi\u00f3n con palmitos desde la Ermita de San Juan hasta la Iglesia de nuestra Se\u00f1ora de La Encarnaci\u00f3n, donde se oficiar\u00e1 la misa del Domingo de Ramos. &nbsp; Martes, 22 de marzo: 20:00 h.- Charla, presentaci\u00f3n del libro y del documental basado en el [&hellip;]<\/p>\n","protected":false},"author":2,"featured_media":0,"comment_status":"closed","ping_status":"closed","sticky":false,"template":"","format":"standard","meta":{"footnotes":""},"categories":[15,11],"tags":[],"class_list":["post-4301","post","type-post","status-publish","format-standard","hentry","category-festejos","category-hoja-de-haria"],"_links":{"self":[{"href":"https:\/\/www.ayuntamientodeharia.com\/haria\/wp-json\/wp\/v2\/posts\/4301","targetHints":{"allow":["GET"]}}],"collection":[{"href":"https:\/\/www.ayuntamientodeharia.com\/haria\/wp-json\/wp\/v2\/posts"}],"about":[{"href":"https:\/\/www.ayuntamientodeharia.com\/haria\/wp-json\/wp\/v2\/types\/post"}],"author":[{"embeddable":true,"href":"https:\/\/www.ayuntamientodeharia.com\/haria\/wp-json\/wp\/v2\/users\/2"}],"replies":[{"embeddable":true,"href":"https:\/\/www.ayuntamientodeharia.com\/haria\/wp-json\/wp\/v2\/comments?post=4301"}],"version-history":[{"count":0,"href":"https:\/\/www.ayuntamientodeharia.com\/haria\/wp-json\/wp\/v2\/posts\/4301\/revisions"}],"wp:attachment":[{"href":"https:\/\/www.ayuntamientodeharia.com\/haria\/wp-json\/wp\/v2\/media?parent=4301"}],"wp:term":[{"taxonomy":"category","embeddable":true,"href":"https:\/\/www.ayuntamientodeharia.com\/haria\/wp-json\/wp\/v2\/categories?post=4301"},{"taxonomy":"post_tag","embeddable":true,"href":"https:\/\/www.ayuntamientodeharia.com\/haria\/wp-json\/wp\/v2\/tags?post=4301"}],"curies":[{"name":"wp","href":"https:\/\/api.w.org\/{rel}","templated":true}]}}