{"id":4294,"date":"2016-03-18T13:45:23","date_gmt":"2016-03-18T13:45:23","guid":{"rendered":"http:\/\/www.ayuntamientodeharia.com\/haria\/?p=4294"},"modified":"2016-03-18T13:45:58","modified_gmt":"2016-03-18T13:45:58","slug":"balcon-de-haria-9","status":"publish","type":"post","link":"https:\/\/www.ayuntamientodeharia.com\/haria\/balcon-de-haria-9\/","title":{"rendered":"Balc\u00f3n de Har\u00eda"},"content":{"rendered":"<p><a style=\"font-weight: inherit; font-style: inherit; color: #1b8be0;\" href=\"http:\/\/www.ayuntamientodeharia.com\/haria\/wp-content\/uploads\/2016\/01\/gregorio.jpg\"><img decoding=\"async\" class=\"alignleft  wp-image-3454\" style=\"font-weight: inherit; font-style: inherit; color: inherit;\" src=\"http:\/\/www.ayuntamientodeharia.com\/haria\/wp-content\/uploads\/2016\/01\/gregorio-246x300.jpg\" alt=\"gregorio\" width=\"114\" height=\"138\" srcset=\"https:\/\/www.ayuntamientodeharia.com\/haria\/wp-content\/uploads\/2016\/01\/gregorio-246x300.jpg 246w, https:\/\/www.ayuntamientodeharia.com\/haria\/wp-content\/uploads\/2016\/01\/gregorio.jpg 249w\" sizes=\"(max-width: 114px) 100vw, 114px\" \/><\/a><\/p>\n<p><strong style=\"font-weight: bold; font-style: inherit; color: inherit;\">Por Gregorio Barreto Vi\u00f1oly<\/strong><\/p>\n<p>&nbsp;<\/p>\n<p>&nbsp;<\/p>\n<h6 style=\"font-weight: inherit;\"><strong style=\"font-weight: bold; font-style: inherit; color: inherit;\">Animales dom\u00e9sticos como medios de transporte de antes<\/strong><\/h6>\n<p>Hay que valorar el hecho de que los medios de transporte que existen ahora, los veh\u00edculos a motor tales como camiones, coches y motos, no llegaron a estas latitudes hasta el a\u00f1o de 1915, aproximadamente, y el auge del movimiento de coches particulares o de turismo y de motos comenz\u00f3 en los a\u00f1os de 1960 y al fin siendo un gran medio de transporte desde los a\u00f1os de 1970, aunque su adquisici\u00f3n no estaba al alcance de todos, ya que era algo nuevo y hac\u00eda falta mucho dinero.<\/p>\n<p>&nbsp;<\/p>\n<p>Hay que tener en cuenta que si nos introducimos en los medios de transporte m\u00e1s normales que exist\u00edan antes, tenemos que centrarnos, como algo muy cotidiano, en\u00a0la existencia de camellos y burros, que eran utilizados en la agricultura como los medios que se ten\u00edan a mano, aunque tambi\u00e9n hab\u00eda algunos caballos, yeguas y mulas, pero eso ya era para unos pocos m\u00e1s pudientes, que se utilizaban solo\u00a0como medio de montura.<\/p>\n<p><!--more--><\/p>\n<p>&nbsp;<\/p>\n<p>Para hacerse una idea de los animales que ten\u00edamos an-tes para los ejercicios de la agricultura, hay que tener en\u00a0cuenta que en el municipio de Har\u00eda, all\u00e1 por los a\u00f1os de\u00a01940 y 1950, hab\u00eda muchos animales que estaban al servicio\u00a0de la agricultura, y hay que tener en cuenta que el denominado Censo de Requisici\u00f3n Militar, que registraba todos los\u00a0elementos m\u00e1s importantes que se preve\u00edan para una su-puesta alarma militar, y en este caso, el ganado con que se\u00a0contaba entonces arrojaba una existencia de 400 burros y\u00a0200 camellos en el Censo formado en el a\u00f1o de 1950.<\/p>\n<p>&nbsp;<\/p>\n<p>El camello era el animal m\u00e1s forzudo con que se contaba y se utilizaba para cargarlo de grandes pesos, que se pod\u00edan catalogar ahora de abusivos, ya que en ocasiones se\u00a0llegaba a cargar a estos animales hasta con 500 kilos, lo que\u00a0era equiparable a cinco sacos de guano. Estos animales, con\u00a0esos pesos tan enormes que se les pon\u00edan encima, a veces\u00a0no pod\u00edan desenvolverse y en ocasiones, cuando se le pon\u00eda una gran carga de sementera en la finca, se negaban a\u00a0levantarse porque no pod\u00edan con ella, o tambi\u00e9n los camellos cargados con un gran peso, situados en fincas de laderas, se resbalaban y ca\u00edan hasta llegar a otro pared\u00f3n m\u00e1s\u00a0bajo y se daban vuelta con esa carga encima.<\/p>\n<p>&nbsp;<\/p>\n<p>Pero adem\u00e1s a veces a estos animales se les llevaba por\u00a0unas veredas que se sol\u00edan hacer antes, muy estrechas y en\u00a0alto, entre dos paredes de poca resistencia, y los camellos\u00a0con su gran peso romp\u00edan la base de las mismas y llegaban\u00a0a caer al ceder las paredes de costado, al no poder aguantar tanto peso, o quedaban estos camellos baldados o desconchados, ya medio in\u00fatiles para seguir haciendo estas ta-reas tan fuertes.<\/p>\n<p>&nbsp;<\/p>\n<p>Estos animales tra\u00edan para las eras esas cargas de sementera que se denominaban vasos, y llegaban hasta las eras en\u00a0los pueblos, y estos animales con sus cargas tan tremendas,\u00a0a veces ni cab\u00edan por las estrechas calles y buena suerte se-r\u00eda el llegar a ver una de esta fotos de estos camellos con\u00a0sus cargas, porque es de los m\u00e1s bonito para verse, aunque\u00a0abusivos.<\/p>\n<p>&nbsp;<\/p>\n<p>Pero digamos de los servicios que nos prestaban los bu-rros, y es que como antes trabajaba el hombre y la mujer,\u00a0sal\u00eda el hombre al campo con un burro macho, y la mujer\u00a0sal\u00eda \u2018escanchada\u2019 sobre la albarda, con su burra hembra, y\u00a0eso era lo m\u00e1s normal que hab\u00eda entonces, siendo la carga\u00a0m\u00e1ximas de los burros de hasta unos 200 kilos.<\/p>\n<p>&nbsp;<\/p>\n","protected":false},"excerpt":{"rendered":"<p>Por Gregorio Barreto Vi\u00f1oly &nbsp; &nbsp; Animales dom\u00e9sticos como medios de transporte de antes Hay que valorar el hecho de que los medios de transporte que existen ahora, los veh\u00edculos a motor tales como camiones, coches y motos, no llegaron a estas latitudes hasta el a\u00f1o de 1915, aproximadamente, y el auge del movimiento de [&hellip;]<\/p>\n","protected":false},"author":2,"featured_media":0,"comment_status":"closed","ping_status":"closed","sticky":false,"template":"","format":"standard","meta":{"footnotes":""},"categories":[94,11],"tags":[],"class_list":["post-4294","post","type-post","status-publish","format-standard","hentry","category-balcon-de-haria","category-hoja-de-haria"],"_links":{"self":[{"href":"https:\/\/www.ayuntamientodeharia.com\/haria\/wp-json\/wp\/v2\/posts\/4294","targetHints":{"allow":["GET"]}}],"collection":[{"href":"https:\/\/www.ayuntamientodeharia.com\/haria\/wp-json\/wp\/v2\/posts"}],"about":[{"href":"https:\/\/www.ayuntamientodeharia.com\/haria\/wp-json\/wp\/v2\/types\/post"}],"author":[{"embeddable":true,"href":"https:\/\/www.ayuntamientodeharia.com\/haria\/wp-json\/wp\/v2\/users\/2"}],"replies":[{"embeddable":true,"href":"https:\/\/www.ayuntamientodeharia.com\/haria\/wp-json\/wp\/v2\/comments?post=4294"}],"version-history":[{"count":0,"href":"https:\/\/www.ayuntamientodeharia.com\/haria\/wp-json\/wp\/v2\/posts\/4294\/revisions"}],"wp:attachment":[{"href":"https:\/\/www.ayuntamientodeharia.com\/haria\/wp-json\/wp\/v2\/media?parent=4294"}],"wp:term":[{"taxonomy":"category","embeddable":true,"href":"https:\/\/www.ayuntamientodeharia.com\/haria\/wp-json\/wp\/v2\/categories?post=4294"},{"taxonomy":"post_tag","embeddable":true,"href":"https:\/\/www.ayuntamientodeharia.com\/haria\/wp-json\/wp\/v2\/tags?post=4294"}],"curies":[{"name":"wp","href":"https:\/\/api.w.org\/{rel}","templated":true}]}}